{"id":13902,"date":"2025-06-04T10:08:17","date_gmt":"2025-06-04T08:08:17","guid":{"rendered":"https:\/\/bubbleplan.net\/blog\/?p=13902"},"modified":"2026-01-06T12:06:48","modified_gmt":"2026-01-06T11:06:48","slug":"parcours-du-chef-de-projet-tout-savoir-sur-levolution-du-metier","status":"publish","type":"post","link":"https:\/\/bubbleplan.net\/blog\/parcours-du-chef-de-projet-tout-savoir-sur-levolution-du-metier\/","title":{"rendered":"Parcours du chef de projet : tout savoir sur l&rsquo;\u00e9volution du m\u00e9tier"},"content":{"rendered":"\n\n<div class=\"kk-star-ratings kksr-auto kksr-align-left kksr-valign-top\"\n    data-payload='{&quot;align&quot;:&quot;left&quot;,&quot;id&quot;:&quot;13902&quot;,&quot;slug&quot;:&quot;default&quot;,&quot;valign&quot;:&quot;top&quot;,&quot;ignore&quot;:&quot;&quot;,&quot;reference&quot;:&quot;auto&quot;,&quot;class&quot;:&quot;&quot;,&quot;count&quot;:&quot;2&quot;,&quot;legendonly&quot;:&quot;&quot;,&quot;readonly&quot;:&quot;&quot;,&quot;score&quot;:&quot;5&quot;,&quot;starsonly&quot;:&quot;&quot;,&quot;best&quot;:&quot;5&quot;,&quot;gap&quot;:&quot;0&quot;,&quot;greet&quot;:&quot;Votre avis est essentiel !&quot;,&quot;legend&quot;:&quot;5\\\/5 - (2 votes)&quot;,&quot;size&quot;:&quot;20&quot;,&quot;title&quot;:&quot;Parcours du chef de projet : tout savoir sur l\\u0026#039;\u00e9volution du m\u00e9tier&quot;,&quot;width&quot;:&quot;100&quot;,&quot;_legend&quot;:&quot;{score}\\\/{best} - ({count} {votes})&quot;,&quot;font_factor&quot;:&quot;1.25&quot;}'>\n            \n<div class=\"kksr-stars\">\n    \n<div class=\"kksr-stars-inactive\">\n            <div class=\"kksr-star\" data-star=\"1\" style=\"padding-right: 0px\">\n            \n\n<div class=\"kksr-icon\" style=\"width: 20px; height: 20px;\"><\/div>\n        <\/div>\n            <div class=\"kksr-star\" data-star=\"2\" style=\"padding-right: 0px\">\n            \n\n<div class=\"kksr-icon\" style=\"width: 20px; height: 20px;\"><\/div>\n        <\/div>\n            <div class=\"kksr-star\" data-star=\"3\" style=\"padding-right: 0px\">\n            \n\n<div class=\"kksr-icon\" style=\"width: 20px; height: 20px;\"><\/div>\n        <\/div>\n            <div class=\"kksr-star\" data-star=\"4\" style=\"padding-right: 0px\">\n            \n\n<div class=\"kksr-icon\" style=\"width: 20px; height: 20px;\"><\/div>\n        <\/div>\n            <div class=\"kksr-star\" data-star=\"5\" style=\"padding-right: 0px\">\n            \n\n<div class=\"kksr-icon\" style=\"width: 20px; height: 20px;\"><\/div>\n        <\/div>\n    <\/div>\n    \n<div class=\"kksr-stars-active\" style=\"width: 100px;\">\n            <div class=\"kksr-star\" style=\"padding-right: 0px\">\n            \n\n<div class=\"kksr-icon\" style=\"width: 20px; height: 20px;\"><\/div>\n        <\/div>\n            <div class=\"kksr-star\" style=\"padding-right: 0px\">\n            \n\n<div class=\"kksr-icon\" style=\"width: 20px; height: 20px;\"><\/div>\n        <\/div>\n            <div class=\"kksr-star\" style=\"padding-right: 0px\">\n            \n\n<div class=\"kksr-icon\" style=\"width: 20px; height: 20px;\"><\/div>\n        <\/div>\n            <div class=\"kksr-star\" style=\"padding-right: 0px\">\n            \n\n<div class=\"kksr-icon\" style=\"width: 20px; height: 20px;\"><\/div>\n        <\/div>\n            <div class=\"kksr-star\" style=\"padding-right: 0px\">\n            \n\n<div class=\"kksr-icon\" style=\"width: 20px; height: 20px;\"><\/div>\n        <\/div>\n    <\/div>\n<\/div>\n                \n\n<div class=\"kksr-legend\" style=\"font-size: 16px;\">\n            5\/5 - (2 votes)    <\/div>\n    <\/div>\n<p>Le <strong>parcours du <a href=\"https:\/\/bubbleplan.net\/blog\/evolution-du-metier-chef-de-projet-en-2025-tendances-et-perspectives\/\">chef de projet<\/a><\/strong> conna\u00eet aujourd&rsquo;hui une transformation sans pr\u00e9c\u00e9dent. Entre digitalisation acc\u00e9l\u00e9r\u00e9e et nouveaux modes de travail, cette profession se r\u00e9invente constamment. Comment construire une <strong>carri\u00e8re de chef de projet<\/strong> solide dans ce contexte mouvant ? Quelles sont les cl\u00e9s pour r\u00e9ussir son <strong>\u00e9volution dans le m\u00e9tier de chef de projet<\/strong> ?<\/p>\n<p>Le m\u00e9tier de chef de projet ne ressemble plus \u00e0 ce qu&rsquo;il \u00e9tait il y a dix ans. Les m\u00e9thodes traditionnelles laissent place \u00e0 des approches plus agiles et collaboratives. Cette mutation profonde red\u00e9finit compl\u00e8tement le <strong>parcours du <a href=\"https:\/\/bubbleplan.net\/blog\/gp-competences-chef-de-projet\/\">chef de projet<\/a><\/strong> moderne.<\/p>\n<div id=\"ez-toc-container\" class=\"ez-toc-v2_0_71 ez-toc-wrap-center counter-hierarchy ez-toc-counter ez-toc-transparent ez-toc-container-direction\">\n<div class=\"ez-toc-title-container\">\n<span class=\"ez-toc-title\" style=\"cursor:inherit\">SOMMAIRE<\/span>\n<span class=\"ez-toc-title-toggle\"><a href=\"#\" class=\"ez-toc-pull-right ez-toc-btn ez-toc-btn-xs ez-toc-btn-default ez-toc-toggle\" aria-label=\"Toggle Table of Content\"><span class=\"ez-toc-js-icon-con\"><span class=\"\"><span class=\"eztoc-hide\" style=\"display:none;\">Toggle<\/span><span class=\"ez-toc-icon-toggle-span\"><svg style=\"fill: #999;color:#999\" xmlns=\"http:\/\/www.w3.org\/2000\/svg\" class=\"list-377408\" width=\"20px\" height=\"20px\" viewBox=\"0 0 24 24\" fill=\"none\"><path d=\"M6 6H4v2h2V6zm14 0H8v2h12V6zM4 11h2v2H4v-2zm16 0H8v2h12v-2zM4 16h2v2H4v-2zm16 0H8v2h12v-2z\" fill=\"currentColor\"><\/path><\/svg><svg style=\"fill: #999;color:#999\" class=\"arrow-unsorted-368013\" xmlns=\"http:\/\/www.w3.org\/2000\/svg\" width=\"10px\" height=\"10px\" viewBox=\"0 0 24 24\" version=\"1.2\" baseProfile=\"tiny\"><path d=\"M18.2 9.3l-6.2-6.3-6.2 6.3c-.2.2-.3.4-.3.7s.1.5.3.7c.2.2.4.3.7.3h11c.3 0 .5-.1.7-.3.2-.2.3-.5.3-.7s-.1-.5-.3-.7zM5.8 14.7l6.2 6.3 6.2-6.3c.2-.2.3-.5.3-.7s-.1-.5-.3-.7c-.2-.2-.4-.3-.7-.3h-11c-.3 0-.5.1-.7.3-.2.2-.3.5-.3.7s.1.5.3.7z\"\/><\/svg><\/span><\/span><\/span><\/a><\/span><\/div>\n<nav><ul class='ez-toc-list ez-toc-list-level-1 ' ><li class='ez-toc-page-1 ez-toc-heading-level-2'><a class=\"ez-toc-link ez-toc-heading-1\" href=\"https:\/\/bubbleplan.net\/blog\/parcours-du-chef-de-projet-tout-savoir-sur-levolution-du-metier\/#levolution-du-metier-de-chef-de-projet-moderne\" title=\"L&rsquo;\u00e9volution du m\u00e9tier de chef de projet moderne\">L&rsquo;\u00e9volution du m\u00e9tier de chef de projet moderne<\/a><\/li><li class='ez-toc-page-1 ez-toc-heading-level-2'><a class=\"ez-toc-link ez-toc-heading-2\" href=\"https:\/\/bubbleplan.net\/blog\/parcours-du-chef-de-projet-tout-savoir-sur-levolution-du-metier\/#les-competences-cles-du-chef-de-projet-moderne\" title=\"Les comp\u00e9tences cl\u00e9s du chef de projet moderne\">Les comp\u00e9tences cl\u00e9s du chef de projet moderne<\/a><\/li><li class='ez-toc-page-1 ez-toc-heading-level-2'><a class=\"ez-toc-link ez-toc-heading-3\" href=\"https:\/\/bubbleplan.net\/blog\/parcours-du-chef-de-projet-tout-savoir-sur-levolution-du-metier\/#formation-et-developpement-professionnel\" title=\"Formation et d\u00e9veloppement professionnel\">Formation et d\u00e9veloppement professionnel<\/a><\/li><li class='ez-toc-page-1 ez-toc-heading-level-2'><a class=\"ez-toc-link ez-toc-heading-4\" href=\"https:\/\/bubbleplan.net\/blog\/parcours-du-chef-de-projet-tout-savoir-sur-levolution-du-metier\/#secteurs-dactivite-et-specialisations\" title=\"Secteurs d&rsquo;activit\u00e9 et sp\u00e9cialisations\">Secteurs d&rsquo;activit\u00e9 et sp\u00e9cialisations<\/a><\/li><li class='ez-toc-page-1 ez-toc-heading-level-2'><a class=\"ez-toc-link ez-toc-heading-5\" href=\"https:\/\/bubbleplan.net\/blog\/parcours-du-chef-de-projet-tout-savoir-sur-levolution-du-metier\/#defis-et-opportunites-du-metier\" title=\"D\u00e9fis et opportunit\u00e9s du m\u00e9tier\">D\u00e9fis et opportunit\u00e9s du m\u00e9tier<\/a><\/li><li class='ez-toc-page-1 ez-toc-heading-level-2'><a class=\"ez-toc-link ez-toc-heading-6\" href=\"https:\/\/bubbleplan.net\/blog\/parcours-du-chef-de-projet-tout-savoir-sur-levolution-du-metier\/#conseils-pour-reussir-son-parcours\" title=\"Conseils pour r\u00e9ussir son parcours\">Conseils pour r\u00e9ussir son parcours<\/a><\/li><li class='ez-toc-page-1 ez-toc-heading-level-2'><a class=\"ez-toc-link ez-toc-heading-7\" href=\"https:\/\/bubbleplan.net\/blog\/parcours-du-chef-de-projet-tout-savoir-sur-levolution-du-metier\/#lavenir-du-metier-de-chef-de-projet\" title=\"L&rsquo;avenir du m\u00e9tier de chef de projet\">L&rsquo;avenir du m\u00e9tier de chef de projet<\/a><\/li><\/ul><\/nav><\/div>\n<h2><span class=\"ez-toc-section\" id=\"levolution-du-metier-de-chef-de-projet-moderne\"><\/span>L&rsquo;\u00e9volution du m\u00e9tier de chef de projet moderne<span class=\"ez-toc-section-end\"><\/span><\/h2>\n<p>Le chef de projet moderne \u00e9volue dans un environnement radicalement diff\u00e9rent de ses pr\u00e9d\u00e9cesseurs. Les <a href=\"https:\/\/bubbleplan.net\/comparatif-gratuit-premium\">outils digitaux<\/a> transforment les fa\u00e7ons de travailler et de collaborer. Cette r\u00e9volution technologique redessine enti\u00e8rement le paysage professionnel.<\/p>\n<p>L&rsquo;<strong>\u00e9volution du m\u00e9tier de chef de projet<\/strong> s&rsquo;acc\u00e9l\u00e8re sous l&rsquo;impulsion de plusieurs facteurs convergents. D&rsquo;abord, la g\u00e9n\u00e9ralisation du t\u00e9l\u00e9travail hybride modifie les relations d&rsquo;\u00e9quipe. Ensuite, l&rsquo;intelligence artificielle automatise certaines t\u00e2ches r\u00e9p\u00e9titives. Enfin, les attentes clients \u00e9voluent vers plus de r\u00e9activit\u00e9 et de personnalisation.<\/p>\n<p>Le <strong>chef de projet dans le digital<\/strong> devient la norme plut\u00f4t que l&rsquo;exception. Cette transformation n\u00e9cessite de nouvelles <strong><a href=\"https:\/\/bubbleplan.net\/blog\/boite-a-outils-chef-de-projet\/\">comp\u00e9tences<\/a> pour le chef de projet<\/strong> adapt\u00e9es aux enjeux contemporains. La ma\u00eetrise des <a href=\"https:\/\/bubbleplan.net\/gestion-projet-planning-en-ligne\">outils collaboratifs<\/a> devient aussi importante que les m\u00e9thodes traditionnelles de planification.<\/p>\n<p>Cette \u00e9volution s&rsquo;accompagne d&rsquo;une red\u00e9finition du r\u00f4le m\u00eame du chef de projet. Il devient davantage un facilitateur qu&rsquo;un contr\u00f4leur. Cette approche r\u00e9volutionne le <strong>management de projet<\/strong> traditionnel.<\/p>\n<h2><span class=\"ez-toc-section\" id=\"les-competences-cles-du-chef-de-projet-moderne\"><\/span>Les comp\u00e9tences cl\u00e9s du chef de projet moderne<span class=\"ez-toc-section-end\"><\/span><\/h2>\n<p>Les <a href=\"https:\/\/bubbleplan.net\/blog\/gp-qualites-chef-de-projet\/\"><strong>comp\u00e9tences du chef de projet<\/strong><\/a> requises aujourd&rsquo;hui d\u00e9passent largement les aspects techniques traditionnels. Le <strong>leadership collaboratif<\/strong> prend une place centrale dans le quotidien professionnel. Cette comp\u00e9tence humaine devient d\u00e9terminante pour le succ\u00e8s des projets.<\/p>\n<p>La <a href=\"https:\/\/bubbleplan.net\/pedagogie-projet\/methode-agile\"><strong>gestion de projet agile<\/strong><\/a> s&rsquo;impose comme un incontournable du secteur. Les m\u00e9thodes <a href=\"https:\/\/bubbleplan.net\/blog\/comment-choisir-methode-kanban-scrum\/\">Scrum et Kanban<\/a> r\u00e9volutionnent l&rsquo;approche traditionnelle de la planification. Cette agilit\u00e9 permet de s&rsquo;adapter rapidement aux changements de contexte ou de <a href=\"https:\/\/bubbleplan.net\/blog\/perimetre-de-projet-la-cle-pour-cadrer-efficacement-vos-initiatives\/\">p\u00e9rim\u00e8tre<\/a>.<\/p>\n<p>L&rsquo;innovation constitue d\u00e9sormais un pilier fondamental du m\u00e9tier. Le <strong>chef de projet sp\u00e9cialis\u00e9 dans l&rsquo;innovation<\/strong> doit savoir identifier les opportunit\u00e9s et encourager la cr\u00e9ativit\u00e9 des \u00e9quipes. Cette dimension cr\u00e9ative enrichit consid\u00e9rablement le r\u00f4le traditionnel.<\/p>\n<p>Les <strong>comp\u00e9tences humaines du chef de projet<\/strong> gagnent en importance face aux d\u00e9fis actuels. L&#8217;empathie, l&rsquo;\u00e9coute active et la communication bienveillante deviennent essentielles. Ces soft skills compl\u00e8tent efficacement l&rsquo;expertise technique du chef de projet.<\/p>\n<p>La <a href=\"https:\/\/bubbleplan.net\/blog\/conduite-du-changement-en-entreprise\/\">conduite du changement<\/a> repr\u00e9sente une comp\u00e9tence transversale cruciale. Le <strong>chef de projet en conduite du changement<\/strong> accompagne les transformations organisationnelles avec m\u00e9thode. Cette expertise devient pr\u00e9cieuse dans un monde en mutation permanente.<\/p>\n<h2><span class=\"ez-toc-section\" id=\"formation-et-developpement-professionnel\"><\/span>Formation et d\u00e9veloppement professionnel<span class=\"ez-toc-section-end\"><\/span><\/h2>\n<p>La <strong>formation du chef de projet<\/strong> \u00e9volue pour int\u00e9grer les nouveaux enjeux du m\u00e9tier. Les cursus traditionnels s&rsquo;enrichissent de modules sur le digital et l&rsquo;agilit\u00e9. Cette adaptation p\u00e9dagogique r\u00e9pond aux besoins du march\u00e9 actuel.<\/p>\n<p>Les certifications professionnelles se multiplient pour valider les comp\u00e9tences sp\u00e9cialis\u00e9es. PMP, <a href=\"https:\/\/bubbleplan.net\/blog\/la-methodologie-prince2-cest-quoi\/\">PRINCE2<\/a>, <a href=\"https:\/\/bubbleplan.net\/blog\/competences-scrum-master-methodologie-scrum\/\">Scrum Master<\/a> deviennent des r\u00e9f\u00e9rences incontournables. Ces accr\u00e9ditations structurent efficacement le <strong>parcours du chef de projet<\/strong> professionnel.<\/p>\n<p>La formation continue prend une importance cruciale dans ce m\u00e9tier en \u00e9volution constante. Les professionnels doivent r\u00e9guli\u00e8rement actualiser leurs connaissances et m\u00e9thodes. Cette mise \u00e0 jour permanente garantit l&#8217;employabilit\u00e9 \u00e0 long terme.<\/p>\n<p>L&rsquo;apprentissage par l&rsquo;exp\u00e9rience compl\u00e8te harmonieusement la formation th\u00e9orique. Les stages, missions et projets personnels enrichissent le profil professionnel. Cette diversit\u00e9 d&rsquo;exp\u00e9riences facilite l&rsquo;<strong>\u00e9volution professionnelle du chef de projet<\/strong> future.<\/p>\n<p>Les formations courtes et modulaires s\u00e9duisent de plus en plus les professionnels. Ces formats flexibles s&rsquo;adaptent aux contraintes du travail en mode projet. Ils permettent d&rsquo;acqu\u00e9rir rapidement des comp\u00e9tences cibl\u00e9es.<\/p>\n<h2><span class=\"ez-toc-section\" id=\"secteurs-dactivite-et-specialisations\"><\/span>Secteurs d&rsquo;activit\u00e9 et sp\u00e9cialisations<span class=\"ez-toc-section-end\"><\/span><\/h2>\n<p>Le <strong>chef de projet du secteur num\u00e9rique<\/strong> b\u00e9n\u00e9ficie d&rsquo;opportunit\u00e9s particuli\u00e8rement dynamiques. La transformation digitale g\u00e9n\u00e8re une demande soutenue pour ces profils sp\u00e9cialis\u00e9s. Cette sp\u00e9cialisation ouvre des perspectives de carri\u00e8re attractives.<\/p>\n<p>La transformation digitale touche tous les secteurs d&rsquo;activit\u00e9 sans exception. Le <strong>chef de projet en transformation digitale<\/strong> accompagne ces mutations organisationnelles profondes. Son expertise devient strat\u00e9gique pour les entreprises en transition.<\/p>\n<p><img decoding=\"async\" class=\"size-medium wp-image-13926 aligncenter\" src=\"https:\/\/bubbleplan.net\/blog\/wp-content\/uploads\/2025\/06\/evolution-du-metier-de-chef-de-projet-en-entreprise-528x352.jpg\" alt=\"evolution du metier de chef de projet en entreprise\" width=\"528\" height=\"352\" srcset=\"https:\/\/bubbleplan.net\/blog\/wp-content\/uploads\/2025\/06\/evolution-du-metier-de-chef-de-projet-en-entreprise-528x352.jpg 528w, https:\/\/bubbleplan.net\/blog\/wp-content\/uploads\/2025\/06\/evolution-du-metier-de-chef-de-projet-en-entreprise-768x512.jpg 768w, https:\/\/bubbleplan.net\/blog\/wp-content\/uploads\/2025\/06\/evolution-du-metier-de-chef-de-projet-en-entreprise-440x293.jpg 440w, https:\/\/bubbleplan.net\/blog\/wp-content\/uploads\/2025\/06\/evolution-du-metier-de-chef-de-projet-en-entreprise-320x213.jpg 320w, https:\/\/bubbleplan.net\/blog\/wp-content\/uploads\/2025\/06\/evolution-du-metier-de-chef-de-projet-en-entreprise.jpg 1038w\" sizes=\"(max-width: 528px) 100vw, 528px\" loading=\"lazy\" \/><\/p>\n<p>Le <strong>chef de projet polyvalent<\/strong> conserve sa pertinence dans de nombreux contextes. Cette polyvalence permet de naviguer entre diff\u00e9rents secteurs et types de projets. Elle offre une flexibilit\u00e9 appr\u00e9ciable dans la construction de carri\u00e8re.<\/p>\n<p>Certains secteurs offrent des sp\u00e9cialisations particuli\u00e8rement porteuses. L&rsquo;\u00e9nergie, la sant\u00e9, la finance recherchent activement des chefs de projet exp\u00e9riment\u00e9s. Ces domaines valorisent l&rsquo;expertise sectorielle autant que les comp\u00e9tences transversales.<\/p>\n<p>L&rsquo;\u00e9mergence de nouveaux secteurs cr\u00e9e des opportunit\u00e9s in\u00e9dites. L&rsquo;<a href=\"https:\/\/bubbleplan.net\/blog\/l-intelligence-artificielle-et-gestion-de-projet\/\">intelligence artificielle<\/a>, la blockchain, la r\u00e9alit\u00e9 virtuelle g\u00e9n\u00e8rent de nouveaux besoins. Ces <strong>m\u00e9tiers d&rsquo;avenir<\/strong> attirent les profils les plus innovants.<\/p>\n<h2><span class=\"ez-toc-section\" id=\"defis-et-opportunites-du-metier\"><\/span>D\u00e9fis et opportunit\u00e9s du m\u00e9tier<span class=\"ez-toc-section-end\"><\/span><\/h2>\n<p>Le <strong>chef de projet responsable<\/strong> doit int\u00e9grer les enjeux soci\u00e9taux dans ses missions. Le d\u00e9veloppement durable, l&rsquo;inclusion, l&rsquo;\u00e9thique deviennent des consid\u00e9rations essentielles. Cette dimension responsable enrichit le sens du m\u00e9tier.<\/p>\n<p>La complexit\u00e9 croissante des projets exige une mont\u00e9e en comp\u00e9tences permanente. Les enjeux techniques, humains et organisationnels se multiplient. Cette complexit\u00e9 constitue un d\u00e9fi stimulant pour les professionnels passionn\u00e9s.<\/p>\n<p>L&rsquo;internationalisation des projets d\u00e9veloppe les comp\u00e9tences interculturelles. Le <strong>management de projet<\/strong> \u00e0 distance devient une r\u00e9alit\u00e9 quotidienne. Cette ouverture internationale enrichit consid\u00e9rablement l&rsquo;exp\u00e9rience professionnelle.<\/p>\n<p>L&rsquo;automatisation de certaines t\u00e2ches lib\u00e8re du temps pour les activit\u00e9s \u00e0 valeur ajout\u00e9e. Le chef de projet peut se concentrer sur la strat\u00e9gie et l&rsquo;humain. Cette \u00e9volution valorise les comp\u00e9tences relationnelles et cr\u00e9atives.<\/p>\n<p>Les nouvelles g\u00e9n\u00e9rations apportent de nouvelles attentes au travail. L&rsquo;\u00e9quilibre vie professionnelle-vie personnelle devient prioritaire. Le m\u00e9tier s&rsquo;adapte \u00e0 ces \u00e9volutions soci\u00e9tales profondes.<\/p>\n<h2><span class=\"ez-toc-section\" id=\"conseils-pour-reussir-son-parcours\"><\/span>Conseils pour r\u00e9ussir son parcours<span class=\"ez-toc-section-end\"><\/span><\/h2>\n<p>La construction d&rsquo;un <strong>parcours de chef de projet<\/strong> r\u00e9ussi n\u00e9cessite une approche strat\u00e9gique. La d\u00e9finition d&rsquo;objectifs clairs guide les choix de formation et d&rsquo;exp\u00e9rience. Cette planification facilite la progression professionnelle.<\/p>\n<p>Le d\u00e9veloppement d&rsquo;un r\u00e9seau professionnel solide acc\u00e9l\u00e8re les opportunit\u00e9s de carri\u00e8re. Les communaut\u00e9s de pratique, \u00e9v\u00e9nements sectoriels et r\u00e9seaux sociaux professionnels enrichissent les contacts. Ces relations facilitent l&rsquo;acc\u00e8s aux meilleures opportunit\u00e9s.<\/p>\n<p>La veille technologique et m\u00e9thodologique maintient la comp\u00e9titivit\u00e9 professionnelle. L&rsquo;abonnement \u00e0 des publications sp\u00e9cialis\u00e9es, la participation \u00e0 des webinaires enrichissent les connaissances. Cette curiosit\u00e9 permanente distingue les meilleurs professionnels.<\/p>\n<p>L&rsquo;exp\u00e9rience internationale, m\u00eame courte, apporte une valeur ajout\u00e9e significative. Elle d\u00e9veloppe l&rsquo;adaptabilit\u00e9 et l&rsquo;ouverture d&rsquo;esprit n\u00e9cessaires au m\u00e9tier. Cette dimension cosmopolite s\u00e9duit les recruteurs modernes.<\/p>\n<p>La sp\u00e9cialisation progressive permet de se diff\u00e9rencier sur le march\u00e9. Le choix d&rsquo;un secteur, d&rsquo;une m\u00e9thode ou d&rsquo;un type de projet structure la <strong>carri\u00e8re de chef de projet<\/strong>. Cette expertise reconnue ouvre des opportunit\u00e9s premium.<\/p>\n<h2><span class=\"ez-toc-section\" id=\"lavenir-du-metier-de-chef-de-projet\"><\/span>L&rsquo;avenir du m\u00e9tier de chef de projet<span class=\"ez-toc-section-end\"><\/span><\/h2>\n<p>Les <strong>m\u00e9tiers d&rsquo;avenir<\/strong> misent massivement sur l&rsquo;approche projet, confirmant la pertinence durable du <strong>parcours du chef de projet<\/strong>. L&rsquo;IA r\u00e9volutionnera le m\u00e9tier en automatisant les t\u00e2ches r\u00e9p\u00e9titives pour lib\u00e9rer du temps vers l&rsquo;humain et la strat\u00e9gie.<\/p>\n<p>Cette collaboration homme-machine cr\u00e9era de nouveaux \u00e9cosyst\u00e8mes hybrides \u00e0 orchestrer, tandis que l&rsquo;\u00e9conomie circulaire, la transition \u00e9nerg\u00e9tique et l&rsquo;espace g\u00e9n\u00e8rent des sp\u00e9cialisations in\u00e9dites. L&rsquo;\u00e9thique et la responsabilit\u00e9 soci\u00e9tale s&rsquo;imposent d\u00e9sormais comme des comp\u00e9tences-cl\u00e9s.<\/p>\n<p>Le <strong>parcours du chef de projet<\/strong> \u00e9volue avec agilit\u00e9, conservant ses fondamentaux tout en s&rsquo;adaptant aux d\u00e9fis contemporains. Une profession d&rsquo;avenir pour les professionnels motiv\u00e9s et adaptables.<\/p>\n","protected":false},"excerpt":{"rendered":"<p>Le parcours du chef de projet conna\u00eet aujourd&rsquo;hui une transformation sans pr\u00e9c\u00e9dent. Entre digitalisation acc\u00e9l\u00e9r\u00e9e et nouveaux modes de travail, cette profession se r\u00e9invente constamment. Comment construire une carri\u00e8re de chef de projet solide dans ce contexte mouvant ? Quelles sont les cl\u00e9s pour r\u00e9ussir son \u00e9volution dans le m\u00e9tier de chef de projet ?&#8230;<\/p>\n","protected":false},"author":14,"featured_media":13906,"comment_status":"open","ping_status":"open","sticky":false,"template":"","format":"standard","meta":{"footnotes":""},"categories":[632,636],"tags":[52,54,75],"class_list":{"0":"post-13902","1":"post","2":"type-post","3":"status-publish","4":"format-standard","5":"has-post-thumbnail","6":"hentry","7":"category-management","8":"category-conseils-metiers","9":"tag-gestion-de-projet","10":"tag-chef-de-projet","11":"tag-best-practice","12":"article","13":"","15":"has-excerpt","16":"has-avatar","17":"has-author","18":"has-nickname","19":"has-date","20":"has-comment-count","21":"has-category-meta","22":"has-read-more","23":"has-title","24":"has-post-media","25":"thumbnail-"},"nelio_content":{"isAutoShareEnabled":true,"autoShareEndMode":"never","automationSources":{"useCustomSentences":false,"customSentences":[]},"followers":[14,1],"suggestedReferences":[],"efiUrl":"","efiAlt":"","highlights":[],"permalinkQueryArgs":[],"series":[]},"yoast_head":"<!-- This site is optimized with the Yoast SEO plugin v26.8 - https:\/\/yoast.com\/product\/yoast-seo-wordpress\/ -->\n<title>Chef de projet moderne : \u00e9volution, carri\u00e8re et comp\u00e9tences<\/title>\n<meta name=\"description\" content=\"D\u00e9couvrez le parcours du chef de projet moderne : \u00e9volution du m\u00e9tier, comp\u00e9tences cl\u00e9s, formation et carri\u00e8re dans le digital.\" \/>\n<meta name=\"robots\" content=\"index, follow, max-snippet:-1, max-image-preview:large, max-video-preview:-1\" \/>\n<link rel=\"canonical\" href=\"https:\/\/bubbleplan.net\/blog\/parcours-du-chef-de-projet-tout-savoir-sur-levolution-du-metier\/\" \/>\n<meta property=\"og:locale\" content=\"fr_FR\" \/>\n<meta property=\"og:type\" content=\"article\" \/>\n<meta property=\"og:title\" content=\"Chef de projet moderne : \u00e9volution, carri\u00e8re et comp\u00e9tences\" \/>\n<meta property=\"og:description\" content=\"D\u00e9couvrez le parcours du chef de projet moderne : \u00e9volution du m\u00e9tier, comp\u00e9tences cl\u00e9s, formation et carri\u00e8re dans le digital.\" \/>\n<meta property=\"og:url\" content=\"https:\/\/bubbleplan.net\/blog\/parcours-du-chef-de-projet-tout-savoir-sur-levolution-du-metier\/\" \/>\n<meta property=\"og:site_name\" content=\"Bubble Plan : blog de la Gestion de Projet efficace et collaborative\" \/>\n<meta property=\"article:publisher\" content=\"https:\/\/www.facebook.com\/bubbleplan\" \/>\n<meta property=\"article:published_time\" content=\"2025-06-04T08:08:17+00:00\" \/>\n<meta property=\"article:modified_time\" content=\"2026-01-06T11:06:48+00:00\" \/>\n<meta property=\"og:image\" content=\"https:\/\/bubbleplan.net\/blog\/wp-content\/uploads\/2025\/06\/levolution-du-metier-de-chef-de-projet-parcours-et-carriere.png\" \/>\n\t<meta property=\"og:image:width\" content=\"1200\" \/>\n\t<meta property=\"og:image:height\" content=\"800\" \/>\n\t<meta property=\"og:image:type\" content=\"image\/png\" \/>\n<meta name=\"author\" content=\"Ghita\" \/>\n<meta name=\"twitter:card\" content=\"summary_large_image\" \/>\n<meta name=\"twitter:creator\" content=\"@BubblePlan\" \/>\n<meta name=\"twitter:site\" content=\"@BubblePlan\" \/>\n<meta name=\"twitter:label1\" content=\"\u00c9crit par\" \/>\n\t<meta name=\"twitter:data1\" content=\"Ghita\" \/>\n\t<meta name=\"twitter:label2\" content=\"Dur\u00e9e de lecture estim\u00e9e\" \/>\n\t<meta name=\"twitter:data2\" content=\"7 minutes\" \/>\n<script type=\"application\/ld+json\" class=\"yoast-schema-graph\">{\"@context\":\"https:\/\/schema.org\",\"@graph\":[{\"@type\":\"Article\",\"@id\":\"https:\/\/bubbleplan.net\/blog\/parcours-du-chef-de-projet-tout-savoir-sur-levolution-du-metier\/#article\",\"isPartOf\":{\"@id\":\"https:\/\/bubbleplan.net\/blog\/parcours-du-chef-de-projet-tout-savoir-sur-levolution-du-metier\/\"},\"author\":{\"name\":\"Ghita\",\"@id\":\"https:\/\/bubbleplan.net\/blog\/#\/schema\/person\/1cb3feabba25d0047f221b83366c726f\"},\"headline\":\"Parcours du chef de projet : tout savoir sur l&rsquo;\u00e9volution du m\u00e9tier\",\"datePublished\":\"2025-06-04T08:08:17+00:00\",\"dateModified\":\"2026-01-06T11:06:48+00:00\",\"mainEntityOfPage\":{\"@id\":\"https:\/\/bubbleplan.net\/blog\/parcours-du-chef-de-projet-tout-savoir-sur-levolution-du-metier\/\"},\"wordCount\":1421,\"commentCount\":0,\"publisher\":{\"@id\":\"https:\/\/bubbleplan.net\/blog\/#organization\"},\"image\":{\"@id\":\"https:\/\/bubbleplan.net\/blog\/parcours-du-chef-de-projet-tout-savoir-sur-levolution-du-metier\/#primaryimage\"},\"thumbnailUrl\":\"https:\/\/bubbleplan.net\/blog\/wp-content\/uploads\/2025\/06\/levolution-du-metier-de-chef-de-projet-parcours-et-carriere.png\",\"keywords\":[\"gestion de projet\",\"chef de projet\",\"best practice\"],\"articleSection\":[\"Management\",\"Conseils m\u00e9tiers\"],\"inLanguage\":\"fr-FR\",\"potentialAction\":[{\"@type\":\"CommentAction\",\"name\":\"Comment\",\"target\":[\"https:\/\/bubbleplan.net\/blog\/parcours-du-chef-de-projet-tout-savoir-sur-levolution-du-metier\/#respond\"]}]},{\"@type\":\"WebPage\",\"@id\":\"https:\/\/bubbleplan.net\/blog\/parcours-du-chef-de-projet-tout-savoir-sur-levolution-du-metier\/\",\"url\":\"https:\/\/bubbleplan.net\/blog\/parcours-du-chef-de-projet-tout-savoir-sur-levolution-du-metier\/\",\"name\":\"Chef de projet moderne : \u00e9volution, carri\u00e8re et comp\u00e9tences\",\"isPartOf\":{\"@id\":\"https:\/\/bubbleplan.net\/blog\/#website\"},\"primaryImageOfPage\":{\"@id\":\"https:\/\/bubbleplan.net\/blog\/parcours-du-chef-de-projet-tout-savoir-sur-levolution-du-metier\/#primaryimage\"},\"image\":{\"@id\":\"https:\/\/bubbleplan.net\/blog\/parcours-du-chef-de-projet-tout-savoir-sur-levolution-du-metier\/#primaryimage\"},\"thumbnailUrl\":\"https:\/\/bubbleplan.net\/blog\/wp-content\/uploads\/2025\/06\/levolution-du-metier-de-chef-de-projet-parcours-et-carriere.png\",\"datePublished\":\"2025-06-04T08:08:17+00:00\",\"dateModified\":\"2026-01-06T11:06:48+00:00\",\"description\":\"D\u00e9couvrez le parcours du chef de projet moderne : \u00e9volution du m\u00e9tier, comp\u00e9tences cl\u00e9s, formation et carri\u00e8re dans le digital.\",\"breadcrumb\":{\"@id\":\"https:\/\/bubbleplan.net\/blog\/parcours-du-chef-de-projet-tout-savoir-sur-levolution-du-metier\/#breadcrumb\"},\"inLanguage\":\"fr-FR\",\"potentialAction\":[{\"@type\":\"ReadAction\",\"target\":[\"https:\/\/bubbleplan.net\/blog\/parcours-du-chef-de-projet-tout-savoir-sur-levolution-du-metier\/\"]}]},{\"@type\":\"ImageObject\",\"inLanguage\":\"fr-FR\",\"@id\":\"https:\/\/bubbleplan.net\/blog\/parcours-du-chef-de-projet-tout-savoir-sur-levolution-du-metier\/#primaryimage\",\"url\":\"https:\/\/bubbleplan.net\/blog\/wp-content\/uploads\/2025\/06\/levolution-du-metier-de-chef-de-projet-parcours-et-carriere.png\",\"contentUrl\":\"https:\/\/bubbleplan.net\/blog\/wp-content\/uploads\/2025\/06\/levolution-du-metier-de-chef-de-projet-parcours-et-carriere.png\",\"width\":1200,\"height\":800,\"caption\":\"L'\u00e9volution du m\u00e9tier de chef de projet parcours et carri\u00e8re\"},{\"@type\":\"BreadcrumbList\",\"@id\":\"https:\/\/bubbleplan.net\/blog\/parcours-du-chef-de-projet-tout-savoir-sur-levolution-du-metier\/#breadcrumb\",\"itemListElement\":[{\"@type\":\"ListItem\",\"position\":1,\"name\":\"Blog\",\"item\":\"https:\/\/bubbleplan.net\/blog\/\"},{\"@type\":\"ListItem\",\"position\":2,\"name\":\"Management\",\"item\":\"https:\/\/bubbleplan.net\/blog\/category\/management\/\"},{\"@type\":\"ListItem\",\"position\":3,\"name\":\"Parcours du chef de projet : tout savoir sur l&rsquo;\u00e9volution du m\u00e9tier\"}]},{\"@type\":\"WebSite\",\"@id\":\"https:\/\/bubbleplan.net\/blog\/#website\",\"url\":\"https:\/\/bubbleplan.net\/blog\/\",\"name\":\"Bubble Plan : blog de la Gestion de Projet efficace et collaborative\",\"description\":\"Toute l&#039;actualit\u00e9 de la gestion de projet et du collaboratif, avec Bubble Plan\",\"publisher\":{\"@id\":\"https:\/\/bubbleplan.net\/blog\/#organization\"},\"potentialAction\":[{\"@type\":\"SearchAction\",\"target\":{\"@type\":\"EntryPoint\",\"urlTemplate\":\"https:\/\/bubbleplan.net\/blog\/?s={search_term_string}\"},\"query-input\":{\"@type\":\"PropertyValueSpecification\",\"valueRequired\":true,\"valueName\":\"search_term_string\"}}],\"inLanguage\":\"fr-FR\"},{\"@type\":\"Organization\",\"@id\":\"https:\/\/bubbleplan.net\/blog\/#organization\",\"name\":\"Bubble Plan\",\"url\":\"https:\/\/bubbleplan.net\/blog\/\",\"logo\":{\"@type\":\"ImageObject\",\"inLanguage\":\"fr-FR\",\"@id\":\"https:\/\/bubbleplan.net\/blog\/#\/schema\/logo\/image\/\",\"url\":\"https:\/\/bubbleplan.net\/blog\/wp-content\/uploads\/2024\/07\/logo-leblog-vf-01-336.png\",\"contentUrl\":\"https:\/\/bubbleplan.net\/blog\/wp-content\/uploads\/2024\/07\/logo-leblog-vf-01-336.png\",\"width\":672,\"height\":62,\"caption\":\"Bubble Plan\"},\"image\":{\"@id\":\"https:\/\/bubbleplan.net\/blog\/#\/schema\/logo\/image\/\"},\"sameAs\":[\"https:\/\/www.facebook.com\/bubbleplan\",\"https:\/\/x.com\/BubblePlan\",\"https:\/\/www.linkedin.com\/company\/bubbleplan\",\"https:\/\/www.youtube.com\/channel\/UCDb4feDzsa4fCd_vR5HZJgg\"]},{\"@type\":\"Person\",\"@id\":\"https:\/\/bubbleplan.net\/blog\/#\/schema\/person\/1cb3feabba25d0047f221b83366c726f\",\"name\":\"Ghita\",\"image\":{\"@type\":\"ImageObject\",\"inLanguage\":\"fr-FR\",\"@id\":\"https:\/\/bubbleplan.net\/blog\/#\/schema\/person\/image\/\",\"url\":\"https:\/\/secure.gravatar.com\/avatar\/d8c2856b9db25d8c39f2d37f6b2d7e56?s=96&d=mm&r=g\",\"contentUrl\":\"https:\/\/secure.gravatar.com\/avatar\/d8c2856b9db25d8c39f2d37f6b2d7e56?s=96&d=mm&r=g\",\"caption\":\"Ghita\"},\"description\":\"Ghita pilote le blog avec passion et exigence, en tant que sp\u00e9cialiste de Bubble Plan. Toujours \u00e0 l\u2019aff\u00fbt de nouveaux sujets, elle aime creuser les th\u00e9matiques en profondeur pour offrir des contenus \u00e0 la fois experts, clairs et utiles. Son objectif : guider les utilisateurs de Bubble Plan, leur simplifier la gestion de projet et les aider \u00e0 prendre en main l\u2019outil en toute confiance. N'h\u00e9sitez pas \u00e0 la suivre sur LinkedIn.\",\"sameAs\":[\"https:\/\/www.linkedin.com\/in\/ghitaecharrabcommunication\/\"],\"url\":\"https:\/\/bubbleplan.net\/blog\/author\/ghita\/\"}]}<\/script>\n<!-- \/ Yoast SEO plugin. -->","yoast_head_json":{"title":"Chef de projet moderne : \u00e9volution, carri\u00e8re et comp\u00e9tences","description":"D\u00e9couvrez le parcours du chef de projet moderne : \u00e9volution du m\u00e9tier, comp\u00e9tences cl\u00e9s, formation et carri\u00e8re dans le digital.","robots":{"index":"index","follow":"follow","max-snippet":"max-snippet:-1","max-image-preview":"max-image-preview:large","max-video-preview":"max-video-preview:-1"},"canonical":"https:\/\/bubbleplan.net\/blog\/parcours-du-chef-de-projet-tout-savoir-sur-levolution-du-metier\/","og_locale":"fr_FR","og_type":"article","og_title":"Chef de projet moderne : \u00e9volution, carri\u00e8re et comp\u00e9tences","og_description":"D\u00e9couvrez le parcours du chef de projet moderne : \u00e9volution du m\u00e9tier, comp\u00e9tences cl\u00e9s, formation et carri\u00e8re dans le digital.","og_url":"https:\/\/bubbleplan.net\/blog\/parcours-du-chef-de-projet-tout-savoir-sur-levolution-du-metier\/","og_site_name":"Bubble Plan : blog de la Gestion de Projet efficace et collaborative","article_publisher":"https:\/\/www.facebook.com\/bubbleplan","article_published_time":"2025-06-04T08:08:17+00:00","article_modified_time":"2026-01-06T11:06:48+00:00","og_image":[{"width":1200,"height":800,"url":"https:\/\/bubbleplan.net\/blog\/wp-content\/uploads\/2025\/06\/levolution-du-metier-de-chef-de-projet-parcours-et-carriere.png","type":"image\/png"}],"author":"Ghita","twitter_card":"summary_large_image","twitter_creator":"@BubblePlan","twitter_site":"@BubblePlan","twitter_misc":{"\u00c9crit par":"Ghita","Dur\u00e9e de lecture estim\u00e9e":"7 minutes"},"schema":{"@context":"https:\/\/schema.org","@graph":[{"@type":"Article","@id":"https:\/\/bubbleplan.net\/blog\/parcours-du-chef-de-projet-tout-savoir-sur-levolution-du-metier\/#article","isPartOf":{"@id":"https:\/\/bubbleplan.net\/blog\/parcours-du-chef-de-projet-tout-savoir-sur-levolution-du-metier\/"},"author":{"name":"Ghita","@id":"https:\/\/bubbleplan.net\/blog\/#\/schema\/person\/1cb3feabba25d0047f221b83366c726f"},"headline":"Parcours du chef de projet : tout savoir sur l&rsquo;\u00e9volution du m\u00e9tier","datePublished":"2025-06-04T08:08:17+00:00","dateModified":"2026-01-06T11:06:48+00:00","mainEntityOfPage":{"@id":"https:\/\/bubbleplan.net\/blog\/parcours-du-chef-de-projet-tout-savoir-sur-levolution-du-metier\/"},"wordCount":1421,"commentCount":0,"publisher":{"@id":"https:\/\/bubbleplan.net\/blog\/#organization"},"image":{"@id":"https:\/\/bubbleplan.net\/blog\/parcours-du-chef-de-projet-tout-savoir-sur-levolution-du-metier\/#primaryimage"},"thumbnailUrl":"https:\/\/bubbleplan.net\/blog\/wp-content\/uploads\/2025\/06\/levolution-du-metier-de-chef-de-projet-parcours-et-carriere.png","keywords":["gestion de projet","chef de projet","best practice"],"articleSection":["Management","Conseils m\u00e9tiers"],"inLanguage":"fr-FR","potentialAction":[{"@type":"CommentAction","name":"Comment","target":["https:\/\/bubbleplan.net\/blog\/parcours-du-chef-de-projet-tout-savoir-sur-levolution-du-metier\/#respond"]}]},{"@type":"WebPage","@id":"https:\/\/bubbleplan.net\/blog\/parcours-du-chef-de-projet-tout-savoir-sur-levolution-du-metier\/","url":"https:\/\/bubbleplan.net\/blog\/parcours-du-chef-de-projet-tout-savoir-sur-levolution-du-metier\/","name":"Chef de projet moderne : \u00e9volution, carri\u00e8re et comp\u00e9tences","isPartOf":{"@id":"https:\/\/bubbleplan.net\/blog\/#website"},"primaryImageOfPage":{"@id":"https:\/\/bubbleplan.net\/blog\/parcours-du-chef-de-projet-tout-savoir-sur-levolution-du-metier\/#primaryimage"},"image":{"@id":"https:\/\/bubbleplan.net\/blog\/parcours-du-chef-de-projet-tout-savoir-sur-levolution-du-metier\/#primaryimage"},"thumbnailUrl":"https:\/\/bubbleplan.net\/blog\/wp-content\/uploads\/2025\/06\/levolution-du-metier-de-chef-de-projet-parcours-et-carriere.png","datePublished":"2025-06-04T08:08:17+00:00","dateModified":"2026-01-06T11:06:48+00:00","description":"D\u00e9couvrez le parcours du chef de projet moderne : \u00e9volution du m\u00e9tier, comp\u00e9tences cl\u00e9s, formation et carri\u00e8re dans le digital.","breadcrumb":{"@id":"https:\/\/bubbleplan.net\/blog\/parcours-du-chef-de-projet-tout-savoir-sur-levolution-du-metier\/#breadcrumb"},"inLanguage":"fr-FR","potentialAction":[{"@type":"ReadAction","target":["https:\/\/bubbleplan.net\/blog\/parcours-du-chef-de-projet-tout-savoir-sur-levolution-du-metier\/"]}]},{"@type":"ImageObject","inLanguage":"fr-FR","@id":"https:\/\/bubbleplan.net\/blog\/parcours-du-chef-de-projet-tout-savoir-sur-levolution-du-metier\/#primaryimage","url":"https:\/\/bubbleplan.net\/blog\/wp-content\/uploads\/2025\/06\/levolution-du-metier-de-chef-de-projet-parcours-et-carriere.png","contentUrl":"https:\/\/bubbleplan.net\/blog\/wp-content\/uploads\/2025\/06\/levolution-du-metier-de-chef-de-projet-parcours-et-carriere.png","width":1200,"height":800,"caption":"L'\u00e9volution du m\u00e9tier de chef de projet parcours et carri\u00e8re"},{"@type":"BreadcrumbList","@id":"https:\/\/bubbleplan.net\/blog\/parcours-du-chef-de-projet-tout-savoir-sur-levolution-du-metier\/#breadcrumb","itemListElement":[{"@type":"ListItem","position":1,"name":"Blog","item":"https:\/\/bubbleplan.net\/blog\/"},{"@type":"ListItem","position":2,"name":"Management","item":"https:\/\/bubbleplan.net\/blog\/category\/management\/"},{"@type":"ListItem","position":3,"name":"Parcours du chef de projet : tout savoir sur l&rsquo;\u00e9volution du m\u00e9tier"}]},{"@type":"WebSite","@id":"https:\/\/bubbleplan.net\/blog\/#website","url":"https:\/\/bubbleplan.net\/blog\/","name":"Bubble Plan : blog de la Gestion de Projet efficace et collaborative","description":"Toute l&#039;actualit\u00e9 de la gestion de projet et du collaboratif, avec Bubble Plan","publisher":{"@id":"https:\/\/bubbleplan.net\/blog\/#organization"},"potentialAction":[{"@type":"SearchAction","target":{"@type":"EntryPoint","urlTemplate":"https:\/\/bubbleplan.net\/blog\/?s={search_term_string}"},"query-input":{"@type":"PropertyValueSpecification","valueRequired":true,"valueName":"search_term_string"}}],"inLanguage":"fr-FR"},{"@type":"Organization","@id":"https:\/\/bubbleplan.net\/blog\/#organization","name":"Bubble Plan","url":"https:\/\/bubbleplan.net\/blog\/","logo":{"@type":"ImageObject","inLanguage":"fr-FR","@id":"https:\/\/bubbleplan.net\/blog\/#\/schema\/logo\/image\/","url":"https:\/\/bubbleplan.net\/blog\/wp-content\/uploads\/2024\/07\/logo-leblog-vf-01-336.png","contentUrl":"https:\/\/bubbleplan.net\/blog\/wp-content\/uploads\/2024\/07\/logo-leblog-vf-01-336.png","width":672,"height":62,"caption":"Bubble Plan"},"image":{"@id":"https:\/\/bubbleplan.net\/blog\/#\/schema\/logo\/image\/"},"sameAs":["https:\/\/www.facebook.com\/bubbleplan","https:\/\/x.com\/BubblePlan","https:\/\/www.linkedin.com\/company\/bubbleplan","https:\/\/www.youtube.com\/channel\/UCDb4feDzsa4fCd_vR5HZJgg"]},{"@type":"Person","@id":"https:\/\/bubbleplan.net\/blog\/#\/schema\/person\/1cb3feabba25d0047f221b83366c726f","name":"Ghita","image":{"@type":"ImageObject","inLanguage":"fr-FR","@id":"https:\/\/bubbleplan.net\/blog\/#\/schema\/person\/image\/","url":"https:\/\/secure.gravatar.com\/avatar\/d8c2856b9db25d8c39f2d37f6b2d7e56?s=96&d=mm&r=g","contentUrl":"https:\/\/secure.gravatar.com\/avatar\/d8c2856b9db25d8c39f2d37f6b2d7e56?s=96&d=mm&r=g","caption":"Ghita"},"description":"Ghita pilote le blog avec passion et exigence, en tant que sp\u00e9cialiste de Bubble Plan. Toujours \u00e0 l\u2019aff\u00fbt de nouveaux sujets, elle aime creuser les th\u00e9matiques en profondeur pour offrir des contenus \u00e0 la fois experts, clairs et utiles. Son objectif : guider les utilisateurs de Bubble Plan, leur simplifier la gestion de projet et les aider \u00e0 prendre en main l\u2019outil en toute confiance. N'h\u00e9sitez pas \u00e0 la suivre sur LinkedIn.","sameAs":["https:\/\/www.linkedin.com\/in\/ghitaecharrabcommunication\/"],"url":"https:\/\/bubbleplan.net\/blog\/author\/ghita\/"}]}},"_links":{"self":[{"href":"https:\/\/bubbleplan.net\/blog\/wp-json\/wp\/v2\/posts\/13902","targetHints":{"allow":["GET"]}}],"collection":[{"href":"https:\/\/bubbleplan.net\/blog\/wp-json\/wp\/v2\/posts"}],"about":[{"href":"https:\/\/bubbleplan.net\/blog\/wp-json\/wp\/v2\/types\/post"}],"author":[{"embeddable":true,"href":"https:\/\/bubbleplan.net\/blog\/wp-json\/wp\/v2\/users\/14"}],"replies":[{"embeddable":true,"href":"https:\/\/bubbleplan.net\/blog\/wp-json\/wp\/v2\/comments?post=13902"}],"version-history":[{"count":3,"href":"https:\/\/bubbleplan.net\/blog\/wp-json\/wp\/v2\/posts\/13902\/revisions"}],"predecessor-version":[{"id":15696,"href":"https:\/\/bubbleplan.net\/blog\/wp-json\/wp\/v2\/posts\/13902\/revisions\/15696"}],"wp:featuredmedia":[{"embeddable":true,"href":"https:\/\/bubbleplan.net\/blog\/wp-json\/wp\/v2\/media\/13906"}],"wp:attachment":[{"href":"https:\/\/bubbleplan.net\/blog\/wp-json\/wp\/v2\/media?parent=13902"}],"wp:term":[{"taxonomy":"category","embeddable":true,"href":"https:\/\/bubbleplan.net\/blog\/wp-json\/wp\/v2\/categories?post=13902"},{"taxonomy":"post_tag","embeddable":true,"href":"https:\/\/bubbleplan.net\/blog\/wp-json\/wp\/v2\/tags?post=13902"}],"curies":[{"name":"wp","href":"https:\/\/api.w.org\/{rel}","templated":true}]}}