{"id":3450,"date":"2026-02-18T11:25:35","date_gmt":"2026-02-18T10:25:35","guid":{"rendered":"https:\/\/bubbleplan.net\/blog\/?p=3450"},"modified":"2026-02-18T11:42:47","modified_gmt":"2026-02-18T10:42:47","slug":"organiser-son-travail-avant-le-depart-en-vacances","status":"publish","type":"post","link":"https:\/\/bubbleplan.net\/blog\/organiser-son-travail-avant-le-depart-en-vacances\/","title":{"rendered":"5 conseils pour organiser son travail avant les vacances"},"content":{"rendered":"\n\n<div class=\"kk-star-ratings kksr-auto kksr-align-left kksr-valign-top\"\n    data-payload='{&quot;align&quot;:&quot;left&quot;,&quot;id&quot;:&quot;3450&quot;,&quot;slug&quot;:&quot;default&quot;,&quot;valign&quot;:&quot;top&quot;,&quot;ignore&quot;:&quot;&quot;,&quot;reference&quot;:&quot;auto&quot;,&quot;class&quot;:&quot;&quot;,&quot;count&quot;:&quot;4&quot;,&quot;legendonly&quot;:&quot;&quot;,&quot;readonly&quot;:&quot;&quot;,&quot;score&quot;:&quot;4.7&quot;,&quot;starsonly&quot;:&quot;&quot;,&quot;best&quot;:&quot;5&quot;,&quot;gap&quot;:&quot;0&quot;,&quot;greet&quot;:&quot;Votre avis est essentiel !&quot;,&quot;legend&quot;:&quot;4.7\\\/5 - (4 votes)&quot;,&quot;size&quot;:&quot;20&quot;,&quot;title&quot;:&quot;5 conseils pour organiser son travail avant les vacances&quot;,&quot;width&quot;:&quot;94&quot;,&quot;_legend&quot;:&quot;{score}\\\/{best} - ({count} {votes})&quot;,&quot;font_factor&quot;:&quot;1.25&quot;}'>\n            \n<div class=\"kksr-stars\">\n    \n<div class=\"kksr-stars-inactive\">\n            <div class=\"kksr-star\" data-star=\"1\" style=\"padding-right: 0px\">\n            \n\n<div class=\"kksr-icon\" style=\"width: 20px; height: 20px;\"><\/div>\n        <\/div>\n            <div class=\"kksr-star\" data-star=\"2\" style=\"padding-right: 0px\">\n            \n\n<div class=\"kksr-icon\" style=\"width: 20px; height: 20px;\"><\/div>\n        <\/div>\n            <div class=\"kksr-star\" data-star=\"3\" style=\"padding-right: 0px\">\n            \n\n<div class=\"kksr-icon\" style=\"width: 20px; height: 20px;\"><\/div>\n        <\/div>\n            <div class=\"kksr-star\" data-star=\"4\" style=\"padding-right: 0px\">\n            \n\n<div class=\"kksr-icon\" style=\"width: 20px; height: 20px;\"><\/div>\n        <\/div>\n            <div class=\"kksr-star\" data-star=\"5\" style=\"padding-right: 0px\">\n            \n\n<div class=\"kksr-icon\" style=\"width: 20px; height: 20px;\"><\/div>\n        <\/div>\n    <\/div>\n    \n<div class=\"kksr-stars-active\" style=\"width: 94px;\">\n            <div class=\"kksr-star\" style=\"padding-right: 0px\">\n            \n\n<div class=\"kksr-icon\" style=\"width: 20px; height: 20px;\"><\/div>\n        <\/div>\n            <div class=\"kksr-star\" style=\"padding-right: 0px\">\n            \n\n<div class=\"kksr-icon\" style=\"width: 20px; height: 20px;\"><\/div>\n        <\/div>\n            <div class=\"kksr-star\" style=\"padding-right: 0px\">\n            \n\n<div class=\"kksr-icon\" style=\"width: 20px; height: 20px;\"><\/div>\n        <\/div>\n            <div class=\"kksr-star\" style=\"padding-right: 0px\">\n            \n\n<div class=\"kksr-icon\" style=\"width: 20px; height: 20px;\"><\/div>\n        <\/div>\n            <div class=\"kksr-star\" style=\"padding-right: 0px\">\n            \n\n<div class=\"kksr-icon\" style=\"width: 20px; height: 20px;\"><\/div>\n        <\/div>\n    <\/div>\n<\/div>\n                \n\n<div class=\"kksr-legend\" style=\"font-size: 16px;\">\n            4.7\/5 - (4 votes)    <\/div>\n    <\/div>\n\n<p><span class=\"dropcap\">L\u2019\u00e9t\u00e9 est souvent synonyme de<strong> vacances<\/strong><\/span> et de <strong>d\u00e9connexion<\/strong>. Pourtant, pour beaucoup c&rsquo;est souvent synonyme de stress : des dossiers en suspens, des urgences non anticip\u00e9es, peur du retour.<\/p>\n\n\n\n<p>Une <strong>bonne organisation<\/strong> avant le d\u00e9part en vacances est donc tr\u00e8s importante. Elle permet de partir l&rsquo;esprit tranquille et de profiter pleinement de ses cong\u00e9s.<\/p>\n\n\n\n<p>Dans cet article, nous vous partageons <strong>5 conseils concrets<\/strong> pour organiser  votre travail en amont, afin d&rsquo;assurer la continuit\u00e9 pendant votre absence et \u00e9viter tout stress au retour.<\/p>\n\n\n\n<div class=\"wp-block-group bbp-block-resume\"><div class=\"wp-block-group__inner-container is-layout-constrained wp-block-group-is-layout-constrained\">\n<p><strong>Ce qu\u2019il faut retenir<\/strong><\/p>\n\n\n\n<ul class=\"wp-block-list\">\n<li><strong>Priorisez vos t\u00e2ches<\/strong> : terminez l\u2019essentiel et identifiez ce qui peut attendre.<\/li>\n\n\n\n<li><strong>D\u00e9l\u00e9guez efficacement<\/strong> : clarifiez les r\u00f4les avec la m\u00e9thode RACI et centralisez les informations.<\/li>\n\n\n\n<li><strong>Informez vos interlocuteurs<\/strong> : coll\u00e8gues et clients doivent savoir quand et comment vous contacter.<\/li>\n\n\n\n<li><strong>Pr\u00e9parez votre retour<\/strong> : triez votre bureau, vos documents papier et num\u00e9riques pour un espace de travail clair.<\/li>\n\n\n\n<li><strong>D\u00e9connectez et profitez<\/strong> : laissez vos mails de c\u00f4t\u00e9 et imposez-vous un vrai repos.<\/li>\n\n\n\n<li><strong>Outils digitaux utiles<\/strong> : logiciels de gestion de projet ou Bubble Plan facilitent l\u2019organisation et le suivi des t\u00e2ches.<\/li>\n<\/ul>\n<\/div><\/div>\n\n\n\n<div id=\"ez-toc-container\" class=\"ez-toc-v2_0_71 ez-toc-wrap-center counter-hierarchy ez-toc-counter ez-toc-transparent ez-toc-container-direction\">\n<div class=\"ez-toc-title-container\">\n<span class=\"ez-toc-title\" style=\"cursor:inherit\">SOMMAIRE<\/span>\n<span class=\"ez-toc-title-toggle\"><a href=\"#\" class=\"ez-toc-pull-right ez-toc-btn ez-toc-btn-xs ez-toc-btn-default ez-toc-toggle\" aria-label=\"Toggle Table of Content\"><span class=\"ez-toc-js-icon-con\"><span class=\"\"><span class=\"eztoc-hide\" style=\"display:none;\">Toggle<\/span><span class=\"ez-toc-icon-toggle-span\"><svg style=\"fill: #999;color:#999\" xmlns=\"http:\/\/www.w3.org\/2000\/svg\" class=\"list-377408\" width=\"20px\" height=\"20px\" viewBox=\"0 0 24 24\" fill=\"none\"><path d=\"M6 6H4v2h2V6zm14 0H8v2h12V6zM4 11h2v2H4v-2zm16 0H8v2h12v-2zM4 16h2v2H4v-2zm16 0H8v2h12v-2z\" fill=\"currentColor\"><\/path><\/svg><svg style=\"fill: #999;color:#999\" class=\"arrow-unsorted-368013\" xmlns=\"http:\/\/www.w3.org\/2000\/svg\" width=\"10px\" height=\"10px\" viewBox=\"0 0 24 24\" version=\"1.2\" baseProfile=\"tiny\"><path d=\"M18.2 9.3l-6.2-6.3-6.2 6.3c-.2.2-.3.4-.3.7s.1.5.3.7c.2.2.4.3.7.3h11c.3 0 .5-.1.7-.3.2-.2.3-.5.3-.7s-.1-.5-.3-.7zM5.8 14.7l6.2 6.3 6.2-6.3c.2-.2.3-.5.3-.7s-.1-.5-.3-.7c-.2-.2-.4-.3-.7-.3h-11c-.3 0-.5.1-.7.3-.2.2-.3.5-.3.7s.1.5.3.7z\"\/><\/svg><\/span><\/span><\/span><\/a><\/span><\/div>\n<nav><ul class='ez-toc-list ez-toc-list-level-1 ' ><li class='ez-toc-page-1 ez-toc-heading-level-2'><a class=\"ez-toc-link ez-toc-heading-1\" href=\"https:\/\/bubbleplan.net\/blog\/organiser-son-travail-avant-le-depart-en-vacances\/#1-%e2%80%93-priorisez-votre-travail-%f0%9f%92%bc\" title=\"1 &#8211; Priorisez votre travail \ud83d\udcbc\">1 &#8211; Priorisez votre travail \ud83d\udcbc<\/a><\/li><li class='ez-toc-page-1 ez-toc-heading-level-2'><a class=\"ez-toc-link ez-toc-heading-2\" href=\"https:\/\/bubbleplan.net\/blog\/organiser-son-travail-avant-le-depart-en-vacances\/#2-%e2%80%93-deleguez-vos-taches-%e2%9c%94%ef%b8%8f\" title=\"2 &#8211; D\u00e9l\u00e9guez vos t\u00e2ches \u2714\ufe0f\">2 &#8211; D\u00e9l\u00e9guez vos t\u00e2ches \u2714\ufe0f<\/a><\/li><li class='ez-toc-page-1 ez-toc-heading-level-2'><a class=\"ez-toc-link ez-toc-heading-3\" href=\"https:\/\/bubbleplan.net\/blog\/organiser-son-travail-avant-le-depart-en-vacances\/#3-%e2%80%93-informez-vos-interlocuteurs-%f0%9f%97%a3\" title=\"3 &#8211; Informez vos interlocuteurs \ud83d\udde3\">3 &#8211; Informez vos interlocuteurs \ud83d\udde3<\/a><\/li><li class='ez-toc-page-1 ez-toc-heading-level-2'><a class=\"ez-toc-link ez-toc-heading-4\" href=\"https:\/\/bubbleplan.net\/blog\/organiser-son-travail-avant-le-depart-en-vacances\/#4-%e2%80%93-preparez-votre-retour-%f0%9f%8c%b4\" title=\"4 &#8211; Pr\u00e9parez votre retour \ud83c\udf34\">4 &#8211; Pr\u00e9parez votre retour \ud83c\udf34<\/a><\/li><li class='ez-toc-page-1 ez-toc-heading-level-2'><a class=\"ez-toc-link ez-toc-heading-5\" href=\"https:\/\/bubbleplan.net\/blog\/organiser-son-travail-avant-le-depart-en-vacances\/#5-%e2%80%93-deconnectez-vous-et-profitez-%f0%9f%a7%98%e2%80%8d%e2%99%82%ef%b8%8f\" title=\"5 &#8211; D\u00e9connectez-vous et profitez \ud83e\uddd8\u200d\u2642\ufe0f\">5 &#8211; D\u00e9connectez-vous et profitez \ud83e\uddd8\u200d\u2642\ufe0f<\/a><\/li><\/ul><\/nav><\/div>\n<h2 class=\"wp-block-heading\"><span class=\"ez-toc-section\" id=\"1-%e2%80%93-priorisez-votre-travail-%f0%9f%92%bc\"><\/span>1 &#8211; Priorisez votre travail \ud83d\udcbc<span class=\"ez-toc-section-end\"><\/span><\/h2>\n\n\n\n<p class=\"p2\"><span class=\"s1\">Il n\u2019y a rien de plus stressant que de penser \u00e0 un projet important laiss\u00e9 en suspens pendant vos vacances. Pour \u00e9viter cela, l&rsquo;id\u00e9al est d&rsquo;organiser son travail avant le d\u00e9part ?<\/span><\/p>\n\n\n<div class=\"wp-block-image\">\n<figure class=\"alignright size-full\"><img decoding=\"async\" width=\"1200\" height=\"800\" src=\"https:\/\/bubbleplan.net\/blog\/wp-content\/uploads\/2026\/02\/bubble-plan-compagnon-projets-vie-1.jpg\" alt=\"Planification d'un projet sur un outil de  gestion de projet \" class=\"wp-image-15797\" srcset=\"https:\/\/bubbleplan.net\/blog\/wp-content\/uploads\/2026\/02\/bubble-plan-compagnon-projets-vie-1.jpg 1200w, https:\/\/bubbleplan.net\/blog\/wp-content\/uploads\/2026\/02\/bubble-plan-compagnon-projets-vie-1-528x352.jpg 528w, https:\/\/bubbleplan.net\/blog\/wp-content\/uploads\/2026\/02\/bubble-plan-compagnon-projets-vie-1-768x512.jpg 768w, https:\/\/bubbleplan.net\/blog\/wp-content\/uploads\/2026\/02\/bubble-plan-compagnon-projets-vie-1-440x293.jpg 440w, https:\/\/bubbleplan.net\/blog\/wp-content\/uploads\/2026\/02\/bubble-plan-compagnon-projets-vie-1-320x213.jpg 320w\" sizes=\"(max-width: 1200px) 100vw, 1200px\" loading=\"lazy\" \/><\/figure><\/div>\n\n\n<p class=\"p2\"><span class=\"s1\">Commencez par lister tous vos projets, <strong>les urgences <\/strong>et les<strong> t\u00e2ches en cours<\/strong><\/span>. Ensuite<span class=\"s1\"> <strong>identifiez <\/strong>ce qui doit imp\u00e9rativement<\/span> \u00eatre termin\u00e9 avant de partir et ce qui peut attendre. <\/p>\n\n\n\n<p class=\"p2\">Essayez, autant que possible, de <strong>cl\u00f4turer les sujets prioritaires<\/strong> avant vos cong\u00e9s. <\/p>\n\n\n\n<p>Pour vous aider, vous pouvez utiliser des m\u00e9thodes comme le <a href=\"https:\/\/bubbleplan.net\/pedagogie-projet\/methode-kanban\">Kanban<\/a>, pour visualiser vos t\u00e2ches dans un tableau et rep\u00e9rer rapidement celles qui doivent \u00eatre termin\u00e9es avant votre d\u00e9part, ou la <a href=\"https:\/\/fr.wikipedia.org\/wiki\/Matrice_d%27Eisenhower\" target=\"_blank\" rel=\"noreferrer noopener\">matrice d&rsquo;Eisenhower<\/a>, qui classe vos t\u00e2ches selon leur urgence et leur importance.<\/p>\n\n\n\n<figure class=\"wp-block-image size-large\"><a href=\"https:\/\/bubbleplan.net\/creer-un-compte-gratuit\"><img decoding=\"async\" width=\"2911\" height=\"1008\" src=\"https:\/\/bubbleplan.net\/blog\/wp-content\/uploads\/2025\/09\/cta-bubble-plan-2911x1008.png\" alt=\"appel \u00e0 l'action pour s'inscrire sur bubble plan\" class=\"wp-image-14853\" srcset=\"https:\/\/bubbleplan.net\/blog\/wp-content\/uploads\/2025\/09\/cta-bubble-plan-2911x1008.png 2911w, https:\/\/bubbleplan.net\/blog\/wp-content\/uploads\/2025\/09\/cta-bubble-plan-528x183.png 528w, https:\/\/bubbleplan.net\/blog\/wp-content\/uploads\/2025\/09\/cta-bubble-plan-768x266.png 768w, https:\/\/bubbleplan.net\/blog\/wp-content\/uploads\/2025\/09\/cta-bubble-plan-1536x532.png 1536w, https:\/\/bubbleplan.net\/blog\/wp-content\/uploads\/2025\/09\/cta-bubble-plan-2048x709.png 2048w, https:\/\/bubbleplan.net\/blog\/wp-content\/uploads\/2025\/09\/cta-bubble-plan-440x152.png 440w, https:\/\/bubbleplan.net\/blog\/wp-content\/uploads\/2025\/09\/cta-bubble-plan-320x111.png 320w, https:\/\/bubbleplan.net\/blog\/wp-content\/uploads\/2025\/09\/cta-bubble-plan-1400x485.png 1400w\" sizes=\"(max-width: 2911px) 100vw, 2911px\" loading=\"lazy\" \/><\/a><\/figure>\n\n\n\n<p class=\"p2\">Cette priorisation est aussi essentielle pour <strong>vos coll\u00e8gues<\/strong>. Elle leur permet de comprendre rapidement ce qui est urgent et ce qui l&rsquo;est moins pendant votre absence.<\/p>\n\n\n\n<h2 class=\"wp-block-heading\"><span class=\"ez-toc-section\" id=\"2-%e2%80%93-deleguez-vos-taches-%e2%9c%94%ef%b8%8f\"><\/span>2 &#8211; D\u00e9l\u00e9guez vos t\u00e2ches \u2714\ufe0f<span class=\"ez-toc-section-end\"><\/span><\/h2>\n\n\n\n<p class=\"p2\"><span class=\"s1\"><strong>Un point essentiel<\/strong> pour bien s\u2019organiser avant son d\u00e9part, est d\u2019<strong>informer ses coll\u00e8gues sur votre travail.<\/strong> Commencez par faire le point sur vos projets lors d&rsquo;une r\u00e9union courte, en pr\u00e9sentiel ou \u00e0 distance. <\/span><\/p>\n\n\n<div class=\"wp-block-image\">\n<figure class=\"alignleft size-full\"><img decoding=\"async\" width=\"1200\" height=\"800\" src=\"https:\/\/bubbleplan.net\/blog\/wp-content\/uploads\/2025\/06\/facilitez-lorganisation-de-vos-projets-grace-a-la-matrice-raci.png\" alt=\"matrice raci\" class=\"wp-image-14129\" srcset=\"https:\/\/bubbleplan.net\/blog\/wp-content\/uploads\/2025\/06\/facilitez-lorganisation-de-vos-projets-grace-a-la-matrice-raci.png 1200w, https:\/\/bubbleplan.net\/blog\/wp-content\/uploads\/2025\/06\/facilitez-lorganisation-de-vos-projets-grace-a-la-matrice-raci-528x352.png 528w, https:\/\/bubbleplan.net\/blog\/wp-content\/uploads\/2025\/06\/facilitez-lorganisation-de-vos-projets-grace-a-la-matrice-raci-768x512.png 768w, https:\/\/bubbleplan.net\/blog\/wp-content\/uploads\/2025\/06\/facilitez-lorganisation-de-vos-projets-grace-a-la-matrice-raci-440x293.png 440w, https:\/\/bubbleplan.net\/blog\/wp-content\/uploads\/2025\/06\/facilitez-lorganisation-de-vos-projets-grace-a-la-matrice-raci-320x213.png 320w\" sizes=\"(max-width: 1200px) 100vw, 1200px\" loading=\"lazy\" \/><\/figure><\/div>\n\n\n<p>Pour clarifier les responsabilit\u00e9s, vous pouvez utiliser la <a href=\"https:\/\/bubbleplan.net\/blog\/matrice-raci\/\">matrice RACI<\/a>. Indiquez pour chaque t\u00e2che qui est Responsable, Accountable (Approbateur), qui doit \u00eatre Consulted (Consult\u00e9) et qui doit \u00eatre Informed (Inform\u00e9). Cela permet \u00e0 chacun de savoir exactement son r\u00f4le pendant votre absence.<\/p>\n\n\n\n<p>Enfin, <strong>n\u2019oubliez pas de pr\u00e9venir vos clients<\/strong> par mail, avec qui vous avez des projets en cours, que vous serez remplac\u00e9 pendant vos cong\u00e9s.<\/p>\n\n\n\n<h2 class=\"wp-block-heading\"><span class=\"ez-toc-section\" id=\"3-%e2%80%93-informez-vos-interlocuteurs-%f0%9f%97%a3\"><\/span>3 &#8211; Informez vos interlocuteurs \ud83d\udde3<span class=\"ez-toc-section-end\"><\/span><\/h2>\n\n\n\n<p class=\"p2\"><span class=\"s1\">Quand vous \u00eates en vacances, tout le monde ne l\u2019est pas forc\u00e9ment au m\u00eame moment. Alors, <strong>anticiper votre absence<\/strong> pour ne pas \u00eatre d\u00e9rang\u00e9 pendant celles-ci, est pr\u00e9f\u00e9rable.<\/span><\/p>\n\n\n\n<p>Pour cela, <strong>informez tout votre entourage professionnel<\/strong> de votre absence. Commencez par pr\u00e9ciser vos jours de cong\u00e9s, \u00e0 vos coll\u00e8gues. Ensuite, <strong>programmez un mail automatique<\/strong> pr\u00e9cisant que vous n\u2019\u00eates pas disponible pendant X jours (toutes les bonnes boites mail le proposent de mani\u00e8re simple).<\/p>\n\n\n\n<p>N\u2019oubliez pas d\u2019y glisser des informations sur <strong>les contacts \u00e0 joindre en cas d\u2019urgence<\/strong>, on ne sait jamais. N\u2019oubliez pas non plus d\u2019activer votre messagerie vocale.<\/p>\n\n\n\n<p class=\"p2\"><span class=\"s1\">\u00c7a y est, vous \u00eates pr\u00eat \u00e0 partir !<\/span><\/p>\n\n\n\n<h2 class=\"wp-block-heading\"><span class=\"ez-toc-section\" id=\"4-%e2%80%93-preparez-votre-retour-%f0%9f%8c%b4\"><\/span>4 &#8211; Pr\u00e9parez votre retour \ud83c\udf34<span class=\"ez-toc-section-end\"><\/span><\/h2>\n\n\n\n<p class=\"p4\"><span class=\"s1\">Pour que votre retour se passe sereinement, prenez un peu de temps pour pr\u00e9parer votre <a href=\"https:\/\/bubblemeeting.net\/blog\/bonne-reprise-comment-profiter-sans-perdre-benefice-conges\/\" target=\"_blank\" rel=\"noreferrer noopener\">espace de travail<\/a>.<\/span><\/p>\n\n\n\n<p class=\"p4\"><span class=\"s1\">Prenez une petite heure avant votre d\u00e9part et <strong>commencez par trier<\/strong> votre bureau : jetez les post-it accumul\u00e9s, les brochures que vous ne relirez probablement jamais, les cartes de visite inutiles&#8230;<\/span><\/p>\n\n\n\n<h4 class=\"wp-block-heading has-text-align-center\"><figure><img decoding=\"async\" class=\"aligncenter wp-image-3461 size-full\" title=\"pile de documents\" src=\"https:\/\/bubbleplan.net\/blog\/wp-content\/uploads\/2020\/07\/sharon-mccutcheon-tn57JI3CewI-unsplash-1.jpg\" alt=\"pile de documents\" width=\"635\" height=\"308\" srcset=\"https:\/\/bubbleplan.net\/blog\/wp-content\/uploads\/2020\/07\/sharon-mccutcheon-tn57JI3CewI-unsplash-1.jpg 635w, https:\/\/bubbleplan.net\/blog\/wp-content\/uploads\/2020\/07\/sharon-mccutcheon-tn57JI3CewI-unsplash-1-300x146.jpg 300w\" sizes=\"(max-width: 635px) 100vw, 635px\" loading=\"lazy\" \/><\/figure><\/h4>\n\n\n\n<p>Enfin, pensez \u00e0 organiser et trier les dossiers dans votre ordinateur, souvent mal class\u00e9s ou plus du tout \u00e0 jour. En g\u00e9n\u00e9ral, le bureau devient vite un territoire confus\u2026<\/p>\n\n\n\n<p>En faisant ce tri, <strong>vous n\u2019aurez aucune surprise<\/strong>, par exemple d\u2019avoir laiss\u00e9 tra\u00eener un dossier, de ne plus retrouver le document X, \u2026<\/p>\n\n\n\n<p>De plus, \u00e0 votre retour, vous serez ravi de retrouver <strong>un espace de travail tout propre<\/strong>, et ne regretterez pas de l\u2019avoir fait avant.<\/p>\n\n\n\n<p>Cette logique peut d&rsquo;ailleurs <strong>s&rsquo;appliquer au quotidien<\/strong>, sans attendre les cong\u00e9s.<\/p>\n\n\n\n<h2 class=\"wp-block-heading\"><span class=\"ez-toc-section\" id=\"5-%e2%80%93-deconnectez-vous-et-profitez-%f0%9f%a7%98%e2%80%8d%e2%99%82%ef%b8%8f\"><\/span>5 &#8211; D\u00e9connectez-vous et profitez \ud83e\uddd8\u200d\u2642\ufe0f<span class=\"ez-toc-section-end\"><\/span><\/h2>\n\n\n\n<p class=\"p2\"><span class=\"s1\">Pour profiter pleinement des vacances, il est n\u00e9cessaire de se <strong>d\u00e9connecter compl\u00e8tement<\/strong>. Laissez votre ordinateur si possible, d\u00e9sactivez les notifications de vos mails, et ne consultez vos messages que si c&rsquo;est<\/span> urgent. <\/p>\n\n\n<div class=\"wp-block-image\">\n<figure class=\"alignright\"><img decoding=\"async\" width=\"1024\" height=\"683\" src=\"https:\/\/bubbleplan.net\/blog\/wp-content\/uploads\/2020\/07\/Sandals-In-Sand_chAxP0pA46Ro_1600-1024x683.jpeg\" alt=\"L'image montre des tongs sur le sable\" class=\"wp-image-3457\" title=\"L'image montre des tongs sur le sable\" srcset=\"https:\/\/bubbleplan.net\/blog\/wp-content\/uploads\/2020\/07\/Sandals-In-Sand_chAxP0pA46Ro_1600-1024x683.jpeg 1024w, https:\/\/bubbleplan.net\/blog\/wp-content\/uploads\/2020\/07\/Sandals-In-Sand_chAxP0pA46Ro_1600-300x200.jpeg 300w, https:\/\/bubbleplan.net\/blog\/wp-content\/uploads\/2020\/07\/Sandals-In-Sand_chAxP0pA46Ro_1600-768x512.jpeg 768w, https:\/\/bubbleplan.net\/blog\/wp-content\/uploads\/2020\/07\/Sandals-In-Sand_chAxP0pA46Ro_1600-1536x1024.jpeg 1536w, https:\/\/bubbleplan.net\/blog\/wp-content\/uploads\/2020\/07\/Sandals-In-Sand_chAxP0pA46Ro_1600-640x427.jpeg 640w, https:\/\/bubbleplan.net\/blog\/wp-content\/uploads\/2020\/07\/Sandals-In-Sand_chAxP0pA46Ro_1600.jpeg 1600w\" sizes=\"(max-width: 1024px) 100vw, 1024px\" loading=\"lazy\" \/><\/figure><\/div>\n\n\n<p>On vous rassure, vous \u00eates loin d\u2019\u00eatre les seuls, puisque d\u2019apr\u00e8s une <a href=\"https:\/\/www.qapa.fr\/news\/en-vacances-les-francais-sont-de-plus-en-plus-incapables-de-se-deconnecter-de-leur-travail\/\" target=\"_blank\" rel=\"noreferrer noopener\">\u00e9tude de Qapa<\/a>, 67% des Fran\u00e7ais n\u2019y arrivent pas non plus. <\/p>\n\n\n\n<h3 class=\"wp-block-heading\">Pr\u00eat pour des vacances r\u00e9ussis ?<\/h3>\n\n\n\n<p>Priorisez vos t\u00e2ches, d\u00e9l\u00e9guez, informez vos interlocuteurs, pr\u00e9parez votre retour et d\u00e9connectez-vous.<\/p>\n\n\n\n<p>Les <a href=\"https:\/\/bubbleplan.net\/comparatif-gratuit-premium\">outils digitaux<\/a> comme Bubble Plan simplifient cette organisation et vous offrent une <strong>vue claire sur vos projets<\/strong>, tout au long de l\u2019ann\u00e9e.<\/p>\n\n\n\n<p class=\"p3\">Avec ces bonnes pratiques, vous revenez <strong>recharg\u00e9, serein et pr\u00eat \u00e0 reprendre efficacement<\/strong>.<\/p>\n\n\n\n<figure class=\"wp-block-image size-full\"><a href=\"https:\/\/bubbleplan.net\/creer-un-compte-gratuit\"><img decoding=\"async\" width=\"2560\" height=\"424\" src=\"https:\/\/bubbleplan.net\/blog\/wp-content\/uploads\/2025\/09\/cta-bas-de-page-1.png\" alt=\"appel \u00e0 l'action avec un texte \u00e0 gauche, et un bouton vert \u00e0 droite\" class=\"wp-image-14861\" srcset=\"https:\/\/bubbleplan.net\/blog\/wp-content\/uploads\/2025\/09\/cta-bas-de-page-1.png 2560w, https:\/\/bubbleplan.net\/blog\/wp-content\/uploads\/2025\/09\/cta-bas-de-page-1-528x87.png 528w, https:\/\/bubbleplan.net\/blog\/wp-content\/uploads\/2025\/09\/cta-bas-de-page-1-768x127.png 768w, https:\/\/bubbleplan.net\/blog\/wp-content\/uploads\/2025\/09\/cta-bas-de-page-1-1536x254.png 1536w, https:\/\/bubbleplan.net\/blog\/wp-content\/uploads\/2025\/09\/cta-bas-de-page-1-2048x339.png 2048w, https:\/\/bubbleplan.net\/blog\/wp-content\/uploads\/2025\/09\/cta-bas-de-page-1-440x73.png 440w, https:\/\/bubbleplan.net\/blog\/wp-content\/uploads\/2025\/09\/cta-bas-de-page-1-320x53.png 320w, https:\/\/bubbleplan.net\/blog\/wp-content\/uploads\/2025\/09\/cta-bas-de-page-1-1400x232.png 1400w\" sizes=\"(max-width: 2560px) 100vw, 2560px\" loading=\"lazy\" \/><\/a><\/figure>\n\n\n\n<figure class=\"wp-block-table\"><table class=\"has-fixed-layout\"><tbody><tr><td><strong>Lire aussi :<\/strong><p><\/p>\n<ul>\n<li><a href=\"https:\/\/bubblemeeting.net\/blog\/bonne-reprise-comment-profiter-sans-perdre-benefice-conges\/\" target=\"_blank\" rel=\"noopener\">Comment profiter pleinement de ses cong\u00e9s et \u00e9viter le stress au retour ? | Conseils pratiques<\/a><\/li>\n<li><a href=\"https:\/\/bubbleplan.net\/blog\/usage-particuliers-projets-de-vie\/\">Bubble Plan pour vos projets de vie<\/a><\/li>\n<\/ul>\n<\/td><\/tr><\/tbody><\/table><\/figure>\n","protected":false},"excerpt":{"rendered":"<p>L\u2019\u00e9t\u00e9 est souvent synonyme de vacances et de d\u00e9connexion. Pourtant, pour beaucoup c&rsquo;est souvent synonyme de stress : des dossiers en suspens, des urgences non anticip\u00e9es, peur du retour. Une bonne organisation avant le d\u00e9part en vacances est donc tr\u00e8s importante. Elle permet de partir l&rsquo;esprit tranquille et de profiter pleinement de ses cong\u00e9s. Dans&#8230;<\/p>\n","protected":false},"author":7,"featured_media":3455,"comment_status":"open","ping_status":"open","sticky":false,"template":"","format":"standard","meta":{"footnotes":""},"categories":[637],"tags":[52,75,87,195],"class_list":{"0":"post-3450","1":"post","2":"type-post","3":"status-publish","4":"format-standard","5":"has-post-thumbnail","6":"hentry","7":"category-developpement-personnel","8":"tag-gestion-de-projet","9":"tag-best-practice","10":"tag-organisation","11":"tag-outil-collaboratif","12":"article","13":"","15":"has-excerpt","16":"has-avatar","17":"has-author","18":"has-nickname","19":"has-date","20":"has-comment-count","21":"has-category-meta","22":"has-read-more","23":"has-title","24":"has-post-media","25":"thumbnail-"},"nelio_content":{"isAutoShareEnabled":true,"autoShareEndMode":"never","automationSources":{"useCustomSentences":false,"customSentences":[]},"followers":[2,7,1,14],"suggestedReferences":[],"efiUrl":"","efiAlt":"","highlights":[],"permalinkQueryArgs":[],"series":[]},"yoast_head":"<!-- This site is optimized with the Yoast SEO plugin v26.8 - https:\/\/yoast.com\/product\/yoast-seo-wordpress\/ -->\n<title>5 conseils pour organiser son travail avant les vacances<\/title>\n<meta name=\"description\" content=\"D\u00e9couvrez nos 5 conseils pour organiser votre travail avant votre d\u00e9part en vacances et partir l&#039;esprit tranquille.\" \/>\n<meta name=\"robots\" content=\"index, follow, max-snippet:-1, max-image-preview:large, max-video-preview:-1\" \/>\n<link rel=\"canonical\" href=\"https:\/\/bubbleplan.net\/blog\/organiser-son-travail-avant-le-depart-en-vacances\/\" \/>\n<meta property=\"og:locale\" content=\"fr_FR\" \/>\n<meta property=\"og:type\" content=\"article\" \/>\n<meta property=\"og:title\" content=\"5 conseils pour organiser son travail avant les vacances\" \/>\n<meta property=\"og:description\" content=\"D\u00e9couvrez nos 5 conseils pour organiser votre travail avant votre d\u00e9part en vacances et partir l&#039;esprit tranquille.\" \/>\n<meta property=\"og:url\" content=\"https:\/\/bubbleplan.net\/blog\/organiser-son-travail-avant-le-depart-en-vacances\/\" \/>\n<meta property=\"og:site_name\" content=\"Bubble Plan : blog de la Gestion de Projet efficace et collaborative\" \/>\n<meta property=\"article:publisher\" content=\"https:\/\/www.facebook.com\/bubbleplan\" \/>\n<meta property=\"article:published_time\" content=\"2026-02-18T10:25:35+00:00\" \/>\n<meta property=\"article:modified_time\" content=\"2026-02-18T10:42:47+00:00\" \/>\n<meta property=\"og:image\" content=\"https:\/\/bubbleplan.net\/blog\/wp-content\/uploads\/2020\/07\/macbook-pro-on-white-table-4087574-1.jpg\" \/>\n\t<meta property=\"og:image:width\" content=\"1280\" \/>\n\t<meta property=\"og:image:height\" content=\"853\" \/>\n\t<meta property=\"og:image:type\" content=\"image\/jpeg\" \/>\n<meta name=\"author\" content=\"Emma\" \/>\n<meta name=\"twitter:card\" content=\"summary_large_image\" \/>\n<meta name=\"twitter:creator\" content=\"@BubblePlan\" \/>\n<meta name=\"twitter:site\" content=\"@BubblePlan\" \/>\n<meta name=\"twitter:label1\" content=\"\u00c9crit par\" \/>\n\t<meta name=\"twitter:data1\" content=\"Emma\" \/>\n\t<meta name=\"twitter:label2\" content=\"Dur\u00e9e de lecture estim\u00e9e\" \/>\n\t<meta name=\"twitter:data2\" content=\"6 minutes\" \/>\n<script type=\"application\/ld+json\" class=\"yoast-schema-graph\">{\"@context\":\"https:\/\/schema.org\",\"@graph\":[{\"@type\":\"Article\",\"@id\":\"https:\/\/bubbleplan.net\/blog\/organiser-son-travail-avant-le-depart-en-vacances\/#article\",\"isPartOf\":{\"@id\":\"https:\/\/bubbleplan.net\/blog\/organiser-son-travail-avant-le-depart-en-vacances\/\"},\"author\":{\"name\":\"Emma\",\"@id\":\"https:\/\/bubbleplan.net\/blog\/#\/schema\/person\/cda1d4c6914e0c5613aa6a04a38f7997\"},\"headline\":\"5 conseils pour organiser son travail avant les vacances\",\"datePublished\":\"2026-02-18T10:25:35+00:00\",\"dateModified\":\"2026-02-18T10:42:47+00:00\",\"mainEntityOfPage\":{\"@id\":\"https:\/\/bubbleplan.net\/blog\/organiser-son-travail-avant-le-depart-en-vacances\/\"},\"wordCount\":908,\"commentCount\":0,\"publisher\":{\"@id\":\"https:\/\/bubbleplan.net\/blog\/#organization\"},\"image\":{\"@id\":\"https:\/\/bubbleplan.net\/blog\/organiser-son-travail-avant-le-depart-en-vacances\/#primaryimage\"},\"thumbnailUrl\":\"https:\/\/bubbleplan.net\/blog\/wp-content\/uploads\/2020\/07\/macbook-pro-on-white-table-4087574-1.jpg\",\"keywords\":[\"gestion de projet\",\"best practice\",\"organisation\",\"outil collaboratif\"],\"articleSection\":[\"D\u00e9veloppement personnel\"],\"inLanguage\":\"fr-FR\",\"potentialAction\":[{\"@type\":\"CommentAction\",\"name\":\"Comment\",\"target\":[\"https:\/\/bubbleplan.net\/blog\/organiser-son-travail-avant-le-depart-en-vacances\/#respond\"]}]},{\"@type\":\"WebPage\",\"@id\":\"https:\/\/bubbleplan.net\/blog\/organiser-son-travail-avant-le-depart-en-vacances\/\",\"url\":\"https:\/\/bubbleplan.net\/blog\/organiser-son-travail-avant-le-depart-en-vacances\/\",\"name\":\"5 conseils pour organiser son travail avant les vacances\",\"isPartOf\":{\"@id\":\"https:\/\/bubbleplan.net\/blog\/#website\"},\"primaryImageOfPage\":{\"@id\":\"https:\/\/bubbleplan.net\/blog\/organiser-son-travail-avant-le-depart-en-vacances\/#primaryimage\"},\"image\":{\"@id\":\"https:\/\/bubbleplan.net\/blog\/organiser-son-travail-avant-le-depart-en-vacances\/#primaryimage\"},\"thumbnailUrl\":\"https:\/\/bubbleplan.net\/blog\/wp-content\/uploads\/2020\/07\/macbook-pro-on-white-table-4087574-1.jpg\",\"datePublished\":\"2026-02-18T10:25:35+00:00\",\"dateModified\":\"2026-02-18T10:42:47+00:00\",\"description\":\"D\u00e9couvrez nos 5 conseils pour organiser votre travail avant votre d\u00e9part en vacances et partir l'esprit tranquille.\",\"breadcrumb\":{\"@id\":\"https:\/\/bubbleplan.net\/blog\/organiser-son-travail-avant-le-depart-en-vacances\/#breadcrumb\"},\"inLanguage\":\"fr-FR\",\"potentialAction\":[{\"@type\":\"ReadAction\",\"target\":[\"https:\/\/bubbleplan.net\/blog\/organiser-son-travail-avant-le-depart-en-vacances\/\"]}]},{\"@type\":\"ImageObject\",\"inLanguage\":\"fr-FR\",\"@id\":\"https:\/\/bubbleplan.net\/blog\/organiser-son-travail-avant-le-depart-en-vacances\/#primaryimage\",\"url\":\"https:\/\/bubbleplan.net\/blog\/wp-content\/uploads\/2020\/07\/macbook-pro-on-white-table-4087574-1.jpg\",\"contentUrl\":\"https:\/\/bubbleplan.net\/blog\/wp-content\/uploads\/2020\/07\/macbook-pro-on-white-table-4087574-1.jpg\",\"width\":1280,\"height\":853,\"caption\":\"photo planification voyage\"},{\"@type\":\"BreadcrumbList\",\"@id\":\"https:\/\/bubbleplan.net\/blog\/organiser-son-travail-avant-le-depart-en-vacances\/#breadcrumb\",\"itemListElement\":[{\"@type\":\"ListItem\",\"position\":1,\"name\":\"Blog\",\"item\":\"https:\/\/bubbleplan.net\/blog\/\"},{\"@type\":\"ListItem\",\"position\":2,\"name\":\"Management\",\"item\":\"https:\/\/bubbleplan.net\/blog\/category\/management\/\"},{\"@type\":\"ListItem\",\"position\":3,\"name\":\"D\u00e9veloppement personnel\",\"item\":\"https:\/\/bubbleplan.net\/blog\/category\/management\/developpement-personnel\/\"},{\"@type\":\"ListItem\",\"position\":4,\"name\":\"5 conseils pour organiser son travail avant les vacances\"}]},{\"@type\":\"WebSite\",\"@id\":\"https:\/\/bubbleplan.net\/blog\/#website\",\"url\":\"https:\/\/bubbleplan.net\/blog\/\",\"name\":\"Bubble Plan : blog de la Gestion de Projet efficace et collaborative\",\"description\":\"Toute l&#039;actualit\u00e9 de la gestion de projet et du collaboratif, avec Bubble Plan\",\"publisher\":{\"@id\":\"https:\/\/bubbleplan.net\/blog\/#organization\"},\"potentialAction\":[{\"@type\":\"SearchAction\",\"target\":{\"@type\":\"EntryPoint\",\"urlTemplate\":\"https:\/\/bubbleplan.net\/blog\/?s={search_term_string}\"},\"query-input\":{\"@type\":\"PropertyValueSpecification\",\"valueRequired\":true,\"valueName\":\"search_term_string\"}}],\"inLanguage\":\"fr-FR\"},{\"@type\":\"Organization\",\"@id\":\"https:\/\/bubbleplan.net\/blog\/#organization\",\"name\":\"Bubble Plan\",\"url\":\"https:\/\/bubbleplan.net\/blog\/\",\"logo\":{\"@type\":\"ImageObject\",\"inLanguage\":\"fr-FR\",\"@id\":\"https:\/\/bubbleplan.net\/blog\/#\/schema\/logo\/image\/\",\"url\":\"https:\/\/bubbleplan.net\/blog\/wp-content\/uploads\/2024\/07\/logo-leblog-vf-01-336.png\",\"contentUrl\":\"https:\/\/bubbleplan.net\/blog\/wp-content\/uploads\/2024\/07\/logo-leblog-vf-01-336.png\",\"width\":672,\"height\":62,\"caption\":\"Bubble Plan\"},\"image\":{\"@id\":\"https:\/\/bubbleplan.net\/blog\/#\/schema\/logo\/image\/\"},\"sameAs\":[\"https:\/\/www.facebook.com\/bubbleplan\",\"https:\/\/x.com\/BubblePlan\",\"https:\/\/www.linkedin.com\/company\/bubbleplan\",\"https:\/\/www.youtube.com\/channel\/UCDb4feDzsa4fCd_vR5HZJgg\"]},{\"@type\":\"Person\",\"@id\":\"https:\/\/bubbleplan.net\/blog\/#\/schema\/person\/cda1d4c6914e0c5613aa6a04a38f7997\",\"name\":\"Emma\",\"image\":{\"@type\":\"ImageObject\",\"inLanguage\":\"fr-FR\",\"@id\":\"https:\/\/bubbleplan.net\/blog\/#\/schema\/person\/image\/\",\"url\":\"https:\/\/secure.gravatar.com\/avatar\/85cfb675a53abf42ce22c269ea49ce8c?s=96&d=mm&r=g\",\"contentUrl\":\"https:\/\/secure.gravatar.com\/avatar\/85cfb675a53abf42ce22c269ea49ce8c?s=96&d=mm&r=g\",\"caption\":\"Emma\"},\"description\":\"Emma d\u00e9crypte la gestion de projet avec sa sensibilit\u00e9 com\u2019 et son go\u00fbt pour les contenus bien pens\u00e9s. Sur le blog, elle transforme les sujets complexes en lectures limpides et utiles, \u00e0 lire sans prise de t\u00eate, mais toujours avec de vraies id\u00e9es \u00e0 emporter.\",\"url\":\"https:\/\/bubbleplan.net\/blog\/author\/emma\/\"}]}<\/script>\n<!-- \/ Yoast SEO plugin. -->","yoast_head_json":{"title":"5 conseils pour organiser son travail avant les vacances","description":"D\u00e9couvrez nos 5 conseils pour organiser votre travail avant votre d\u00e9part en vacances et partir l'esprit tranquille.","robots":{"index":"index","follow":"follow","max-snippet":"max-snippet:-1","max-image-preview":"max-image-preview:large","max-video-preview":"max-video-preview:-1"},"canonical":"https:\/\/bubbleplan.net\/blog\/organiser-son-travail-avant-le-depart-en-vacances\/","og_locale":"fr_FR","og_type":"article","og_title":"5 conseils pour organiser son travail avant les vacances","og_description":"D\u00e9couvrez nos 5 conseils pour organiser votre travail avant votre d\u00e9part en vacances et partir l'esprit tranquille.","og_url":"https:\/\/bubbleplan.net\/blog\/organiser-son-travail-avant-le-depart-en-vacances\/","og_site_name":"Bubble Plan : blog de la Gestion de Projet efficace et collaborative","article_publisher":"https:\/\/www.facebook.com\/bubbleplan","article_published_time":"2026-02-18T10:25:35+00:00","article_modified_time":"2026-02-18T10:42:47+00:00","og_image":[{"width":1280,"height":853,"url":"https:\/\/bubbleplan.net\/blog\/wp-content\/uploads\/2020\/07\/macbook-pro-on-white-table-4087574-1.jpg","type":"image\/jpeg"}],"author":"Emma","twitter_card":"summary_large_image","twitter_creator":"@BubblePlan","twitter_site":"@BubblePlan","twitter_misc":{"\u00c9crit par":"Emma","Dur\u00e9e de lecture estim\u00e9e":"6 minutes"},"schema":{"@context":"https:\/\/schema.org","@graph":[{"@type":"Article","@id":"https:\/\/bubbleplan.net\/blog\/organiser-son-travail-avant-le-depart-en-vacances\/#article","isPartOf":{"@id":"https:\/\/bubbleplan.net\/blog\/organiser-son-travail-avant-le-depart-en-vacances\/"},"author":{"name":"Emma","@id":"https:\/\/bubbleplan.net\/blog\/#\/schema\/person\/cda1d4c6914e0c5613aa6a04a38f7997"},"headline":"5 conseils pour organiser son travail avant les vacances","datePublished":"2026-02-18T10:25:35+00:00","dateModified":"2026-02-18T10:42:47+00:00","mainEntityOfPage":{"@id":"https:\/\/bubbleplan.net\/blog\/organiser-son-travail-avant-le-depart-en-vacances\/"},"wordCount":908,"commentCount":0,"publisher":{"@id":"https:\/\/bubbleplan.net\/blog\/#organization"},"image":{"@id":"https:\/\/bubbleplan.net\/blog\/organiser-son-travail-avant-le-depart-en-vacances\/#primaryimage"},"thumbnailUrl":"https:\/\/bubbleplan.net\/blog\/wp-content\/uploads\/2020\/07\/macbook-pro-on-white-table-4087574-1.jpg","keywords":["gestion de projet","best practice","organisation","outil collaboratif"],"articleSection":["D\u00e9veloppement personnel"],"inLanguage":"fr-FR","potentialAction":[{"@type":"CommentAction","name":"Comment","target":["https:\/\/bubbleplan.net\/blog\/organiser-son-travail-avant-le-depart-en-vacances\/#respond"]}]},{"@type":"WebPage","@id":"https:\/\/bubbleplan.net\/blog\/organiser-son-travail-avant-le-depart-en-vacances\/","url":"https:\/\/bubbleplan.net\/blog\/organiser-son-travail-avant-le-depart-en-vacances\/","name":"5 conseils pour organiser son travail avant les vacances","isPartOf":{"@id":"https:\/\/bubbleplan.net\/blog\/#website"},"primaryImageOfPage":{"@id":"https:\/\/bubbleplan.net\/blog\/organiser-son-travail-avant-le-depart-en-vacances\/#primaryimage"},"image":{"@id":"https:\/\/bubbleplan.net\/blog\/organiser-son-travail-avant-le-depart-en-vacances\/#primaryimage"},"thumbnailUrl":"https:\/\/bubbleplan.net\/blog\/wp-content\/uploads\/2020\/07\/macbook-pro-on-white-table-4087574-1.jpg","datePublished":"2026-02-18T10:25:35+00:00","dateModified":"2026-02-18T10:42:47+00:00","description":"D\u00e9couvrez nos 5 conseils pour organiser votre travail avant votre d\u00e9part en vacances et partir l'esprit tranquille.","breadcrumb":{"@id":"https:\/\/bubbleplan.net\/blog\/organiser-son-travail-avant-le-depart-en-vacances\/#breadcrumb"},"inLanguage":"fr-FR","potentialAction":[{"@type":"ReadAction","target":["https:\/\/bubbleplan.net\/blog\/organiser-son-travail-avant-le-depart-en-vacances\/"]}]},{"@type":"ImageObject","inLanguage":"fr-FR","@id":"https:\/\/bubbleplan.net\/blog\/organiser-son-travail-avant-le-depart-en-vacances\/#primaryimage","url":"https:\/\/bubbleplan.net\/blog\/wp-content\/uploads\/2020\/07\/macbook-pro-on-white-table-4087574-1.jpg","contentUrl":"https:\/\/bubbleplan.net\/blog\/wp-content\/uploads\/2020\/07\/macbook-pro-on-white-table-4087574-1.jpg","width":1280,"height":853,"caption":"photo planification voyage"},{"@type":"BreadcrumbList","@id":"https:\/\/bubbleplan.net\/blog\/organiser-son-travail-avant-le-depart-en-vacances\/#breadcrumb","itemListElement":[{"@type":"ListItem","position":1,"name":"Blog","item":"https:\/\/bubbleplan.net\/blog\/"},{"@type":"ListItem","position":2,"name":"Management","item":"https:\/\/bubbleplan.net\/blog\/category\/management\/"},{"@type":"ListItem","position":3,"name":"D\u00e9veloppement personnel","item":"https:\/\/bubbleplan.net\/blog\/category\/management\/developpement-personnel\/"},{"@type":"ListItem","position":4,"name":"5 conseils pour organiser son travail avant les vacances"}]},{"@type":"WebSite","@id":"https:\/\/bubbleplan.net\/blog\/#website","url":"https:\/\/bubbleplan.net\/blog\/","name":"Bubble Plan : blog de la Gestion de Projet efficace et collaborative","description":"Toute l&#039;actualit\u00e9 de la gestion de projet et du collaboratif, avec Bubble Plan","publisher":{"@id":"https:\/\/bubbleplan.net\/blog\/#organization"},"potentialAction":[{"@type":"SearchAction","target":{"@type":"EntryPoint","urlTemplate":"https:\/\/bubbleplan.net\/blog\/?s={search_term_string}"},"query-input":{"@type":"PropertyValueSpecification","valueRequired":true,"valueName":"search_term_string"}}],"inLanguage":"fr-FR"},{"@type":"Organization","@id":"https:\/\/bubbleplan.net\/blog\/#organization","name":"Bubble Plan","url":"https:\/\/bubbleplan.net\/blog\/","logo":{"@type":"ImageObject","inLanguage":"fr-FR","@id":"https:\/\/bubbleplan.net\/blog\/#\/schema\/logo\/image\/","url":"https:\/\/bubbleplan.net\/blog\/wp-content\/uploads\/2024\/07\/logo-leblog-vf-01-336.png","contentUrl":"https:\/\/bubbleplan.net\/blog\/wp-content\/uploads\/2024\/07\/logo-leblog-vf-01-336.png","width":672,"height":62,"caption":"Bubble Plan"},"image":{"@id":"https:\/\/bubbleplan.net\/blog\/#\/schema\/logo\/image\/"},"sameAs":["https:\/\/www.facebook.com\/bubbleplan","https:\/\/x.com\/BubblePlan","https:\/\/www.linkedin.com\/company\/bubbleplan","https:\/\/www.youtube.com\/channel\/UCDb4feDzsa4fCd_vR5HZJgg"]},{"@type":"Person","@id":"https:\/\/bubbleplan.net\/blog\/#\/schema\/person\/cda1d4c6914e0c5613aa6a04a38f7997","name":"Emma","image":{"@type":"ImageObject","inLanguage":"fr-FR","@id":"https:\/\/bubbleplan.net\/blog\/#\/schema\/person\/image\/","url":"https:\/\/secure.gravatar.com\/avatar\/85cfb675a53abf42ce22c269ea49ce8c?s=96&d=mm&r=g","contentUrl":"https:\/\/secure.gravatar.com\/avatar\/85cfb675a53abf42ce22c269ea49ce8c?s=96&d=mm&r=g","caption":"Emma"},"description":"Emma d\u00e9crypte la gestion de projet avec sa sensibilit\u00e9 com\u2019 et son go\u00fbt pour les contenus bien pens\u00e9s. Sur le blog, elle transforme les sujets complexes en lectures limpides et utiles, \u00e0 lire sans prise de t\u00eate, mais toujours avec de vraies id\u00e9es \u00e0 emporter.","url":"https:\/\/bubbleplan.net\/blog\/author\/emma\/"}]}},"_links":{"self":[{"href":"https:\/\/bubbleplan.net\/blog\/wp-json\/wp\/v2\/posts\/3450","targetHints":{"allow":["GET"]}}],"collection":[{"href":"https:\/\/bubbleplan.net\/blog\/wp-json\/wp\/v2\/posts"}],"about":[{"href":"https:\/\/bubbleplan.net\/blog\/wp-json\/wp\/v2\/types\/post"}],"author":[{"embeddable":true,"href":"https:\/\/bubbleplan.net\/blog\/wp-json\/wp\/v2\/users\/7"}],"replies":[{"embeddable":true,"href":"https:\/\/bubbleplan.net\/blog\/wp-json\/wp\/v2\/comments?post=3450"}],"version-history":[{"count":23,"href":"https:\/\/bubbleplan.net\/blog\/wp-json\/wp\/v2\/posts\/3450\/revisions"}],"predecessor-version":[{"id":16568,"href":"https:\/\/bubbleplan.net\/blog\/wp-json\/wp\/v2\/posts\/3450\/revisions\/16568"}],"wp:featuredmedia":[{"embeddable":true,"href":"https:\/\/bubbleplan.net\/blog\/wp-json\/wp\/v2\/media\/3455"}],"wp:attachment":[{"href":"https:\/\/bubbleplan.net\/blog\/wp-json\/wp\/v2\/media?parent=3450"}],"wp:term":[{"taxonomy":"category","embeddable":true,"href":"https:\/\/bubbleplan.net\/blog\/wp-json\/wp\/v2\/categories?post=3450"},{"taxonomy":"post_tag","embeddable":true,"href":"https:\/\/bubbleplan.net\/blog\/wp-json\/wp\/v2\/tags?post=3450"}],"curies":[{"name":"wp","href":"https:\/\/api.w.org\/{rel}","templated":true}]}}