{"id":4329,"date":"2026-02-24T16:25:33","date_gmt":"2026-02-24T15:25:33","guid":{"rendered":"https:\/\/bubbleplan.net\/blog\/?p=4329"},"modified":"2026-02-24T16:39:55","modified_gmt":"2026-02-24T15:39:55","slug":"tableaux-de-bord-vue-agenda","status":"publish","type":"post","link":"https:\/\/bubbleplan.net\/blog\/tableaux-de-bord-vue-agenda\/","title":{"rendered":"La vue Agenda dans Bubble Plan"},"content":{"rendered":"\n\n<div class=\"kk-star-ratings kksr-auto kksr-align-left kksr-valign-top\"\n    data-payload='{&quot;align&quot;:&quot;left&quot;,&quot;id&quot;:&quot;4329&quot;,&quot;slug&quot;:&quot;default&quot;,&quot;valign&quot;:&quot;top&quot;,&quot;ignore&quot;:&quot;&quot;,&quot;reference&quot;:&quot;auto&quot;,&quot;class&quot;:&quot;&quot;,&quot;count&quot;:&quot;3&quot;,&quot;legendonly&quot;:&quot;&quot;,&quot;readonly&quot;:&quot;&quot;,&quot;score&quot;:&quot;4.7&quot;,&quot;starsonly&quot;:&quot;&quot;,&quot;best&quot;:&quot;5&quot;,&quot;gap&quot;:&quot;0&quot;,&quot;greet&quot;:&quot;Votre avis est essentiel !&quot;,&quot;legend&quot;:&quot;4.7\\\/5 - (3 votes)&quot;,&quot;size&quot;:&quot;20&quot;,&quot;title&quot;:&quot;La vue Agenda dans Bubble Plan&quot;,&quot;width&quot;:&quot;94&quot;,&quot;_legend&quot;:&quot;{score}\\\/{best} - ({count} {votes})&quot;,&quot;font_factor&quot;:&quot;1.25&quot;}'>\n            \n<div class=\"kksr-stars\">\n    \n<div class=\"kksr-stars-inactive\">\n            <div class=\"kksr-star\" data-star=\"1\" style=\"padding-right: 0px\">\n            \n\n<div class=\"kksr-icon\" style=\"width: 20px; height: 20px;\"><\/div>\n        <\/div>\n            <div class=\"kksr-star\" data-star=\"2\" style=\"padding-right: 0px\">\n            \n\n<div class=\"kksr-icon\" style=\"width: 20px; height: 20px;\"><\/div>\n        <\/div>\n            <div class=\"kksr-star\" data-star=\"3\" style=\"padding-right: 0px\">\n            \n\n<div class=\"kksr-icon\" style=\"width: 20px; height: 20px;\"><\/div>\n        <\/div>\n            <div class=\"kksr-star\" data-star=\"4\" style=\"padding-right: 0px\">\n            \n\n<div class=\"kksr-icon\" style=\"width: 20px; height: 20px;\"><\/div>\n        <\/div>\n            <div class=\"kksr-star\" data-star=\"5\" style=\"padding-right: 0px\">\n            \n\n<div class=\"kksr-icon\" style=\"width: 20px; height: 20px;\"><\/div>\n        <\/div>\n    <\/div>\n    \n<div class=\"kksr-stars-active\" style=\"width: 94px;\">\n            <div class=\"kksr-star\" style=\"padding-right: 0px\">\n            \n\n<div class=\"kksr-icon\" style=\"width: 20px; height: 20px;\"><\/div>\n        <\/div>\n            <div class=\"kksr-star\" style=\"padding-right: 0px\">\n            \n\n<div class=\"kksr-icon\" style=\"width: 20px; height: 20px;\"><\/div>\n        <\/div>\n            <div class=\"kksr-star\" style=\"padding-right: 0px\">\n            \n\n<div class=\"kksr-icon\" style=\"width: 20px; height: 20px;\"><\/div>\n        <\/div>\n            <div class=\"kksr-star\" style=\"padding-right: 0px\">\n            \n\n<div class=\"kksr-icon\" style=\"width: 20px; height: 20px;\"><\/div>\n        <\/div>\n            <div class=\"kksr-star\" style=\"padding-right: 0px\">\n            \n\n<div class=\"kksr-icon\" style=\"width: 20px; height: 20px;\"><\/div>\n        <\/div>\n    <\/div>\n<\/div>\n                \n\n<div class=\"kksr-legend\" style=\"font-size: 16px;\">\n            4.7\/5 - (3 votes)    <\/div>\n    <\/div>\n\n<p>Vous jonglez entre plusieurs projets et vous avez du mal \u00e0 garder une vue d&rsquo;ensemble sur vos \u00e9ch\u00e9ances et celles de vos collaborateurs ? La <strong>vue Agenda<\/strong> est faite pour vous.<\/p>\n\n\n\n<p>Pour rappel, c&rsquo;est une fonctionnalit\u00e9 r\u00e9serv\u00e9e au <strong>BUSINESS <\/strong>et <strong>ENTERPRISE<\/strong>. Ce tableau de bord adopte une approche calendrier, proche de ce que vous connaissez d\u00e9j\u00e0 sur Google Agenda ou Outlook. <\/p>\n\n\n\n<p>D\u00e9couvrons dans cet article<strong> comment fonctionne<\/strong> l&rsquo;Agenda dans Bubble Plan.<\/p>\n\n\n\n<div id=\"ez-toc-container\" class=\"ez-toc-v2_0_71 ez-toc-wrap-center counter-hierarchy ez-toc-counter ez-toc-transparent ez-toc-container-direction\">\n<div class=\"ez-toc-title-container\">\n<span class=\"ez-toc-title\" style=\"cursor:inherit\">SOMMAIRE<\/span>\n<span class=\"ez-toc-title-toggle\"><a href=\"#\" class=\"ez-toc-pull-right ez-toc-btn ez-toc-btn-xs ez-toc-btn-default ez-toc-toggle\" aria-label=\"Toggle Table of Content\"><span class=\"ez-toc-js-icon-con\"><span class=\"\"><span class=\"eztoc-hide\" style=\"display:none;\">Toggle<\/span><span class=\"ez-toc-icon-toggle-span\"><svg style=\"fill: #999;color:#999\" xmlns=\"http:\/\/www.w3.org\/2000\/svg\" class=\"list-377408\" width=\"20px\" height=\"20px\" viewBox=\"0 0 24 24\" fill=\"none\"><path d=\"M6 6H4v2h2V6zm14 0H8v2h12V6zM4 11h2v2H4v-2zm16 0H8v2h12v-2zM4 16h2v2H4v-2zm16 0H8v2h12v-2z\" fill=\"currentColor\"><\/path><\/svg><svg style=\"fill: #999;color:#999\" class=\"arrow-unsorted-368013\" xmlns=\"http:\/\/www.w3.org\/2000\/svg\" width=\"10px\" height=\"10px\" viewBox=\"0 0 24 24\" version=\"1.2\" baseProfile=\"tiny\"><path d=\"M18.2 9.3l-6.2-6.3-6.2 6.3c-.2.2-.3.4-.3.7s.1.5.3.7c.2.2.4.3.7.3h11c.3 0 .5-.1.7-.3.2-.2.3-.5.3-.7s-.1-.5-.3-.7zM5.8 14.7l6.2 6.3 6.2-6.3c.2-.2.3-.5.3-.7s-.1-.5-.3-.7c-.2-.2-.4-.3-.7-.3h-11c-.3 0-.5.1-.7.3-.2.2-.3.5-.3.7s.1.5.3.7z\"\/><\/svg><\/span><\/span><\/span><\/a><\/span><\/div>\n<nav><ul class='ez-toc-list ez-toc-list-level-1 ' ><li class='ez-toc-page-1 ez-toc-heading-level-2'><a class=\"ez-toc-link ez-toc-heading-1\" href=\"https:\/\/bubbleplan.net\/blog\/tableaux-de-bord-vue-agenda\/#une-approche-calendrier-de-vos-projets-avec-la-vue-agenda\" title=\"Une approche calendrier de vos projets avec la vue Agenda\">Une approche calendrier de vos projets avec la vue Agenda<\/a><\/li><li class='ez-toc-page-1 ez-toc-heading-level-2'><a class=\"ez-toc-link ez-toc-heading-2\" href=\"https:\/\/bubbleplan.net\/blog\/tableaux-de-bord-vue-agenda\/#gardez-le-fil-de-vos-projets-au-quotidien\" title=\"Gardez le fil de vos projets au quotidien\">Gardez le fil de vos projets au quotidien<\/a><\/li><li class='ez-toc-page-1 ez-toc-heading-level-2'><a class=\"ez-toc-link ez-toc-heading-3\" href=\"https:\/\/bubbleplan.net\/blog\/tableaux-de-bord-vue-agenda\/#anticipez-les-absences-et-indisponibilites\" title=\"Anticipez les absences et indisponibilit\u00e9s\">Anticipez les absences et indisponibilit\u00e9s<\/a><\/li><\/ul><\/nav><\/div>\n<h2 class=\"wp-block-heading\"><span class=\"ez-toc-section\" id=\"une-approche-calendrier-de-vos-projets-avec-la-vue-agenda\"><\/span>Une approche calendrier de vos projets avec la vue Agenda<span class=\"ez-toc-section-end\"><\/span><\/h2>\n\n\n\n<p class=\"p1\">La<strong> vue Agenda<\/strong> offre une visibilit\u00e9 simplifi\u00e9e sur l&rsquo;ensemble de vos \u00e9v\u00e9nements projets. Que ce soit \u00e0 la semaine, au mois ou sur une p\u00e9riode plus longue. Une alternative plus intuitive \u00e0 la timeline classique de vos plannings.<\/p>\n\n\n\n<figure class=\"wp-block-image size-full\"><img decoding=\"async\" width=\"2880\" height=\"1704\" src=\"https:\/\/bubbleplan.net\/blog\/wp-content\/uploads\/2025\/04\/5-agenda-1-min-1-e1744193163306.png\" alt=\"la vue agenda dans bubble plan\" class=\"wp-image-13183\" srcset=\"https:\/\/bubbleplan.net\/blog\/wp-content\/uploads\/2025\/04\/5-agenda-1-min-1-e1744193163306.png 2880w, https:\/\/bubbleplan.net\/blog\/wp-content\/uploads\/2025\/04\/5-agenda-1-min-1-e1744193163306-528x312.png 528w, https:\/\/bubbleplan.net\/blog\/wp-content\/uploads\/2025\/04\/5-agenda-1-min-1-e1744193163306-768x454.png 768w, https:\/\/bubbleplan.net\/blog\/wp-content\/uploads\/2025\/04\/5-agenda-1-min-1-e1744193163306-1536x909.png 1536w, https:\/\/bubbleplan.net\/blog\/wp-content\/uploads\/2025\/04\/5-agenda-1-min-1-e1744193163306-2048x1212.png 2048w, https:\/\/bubbleplan.net\/blog\/wp-content\/uploads\/2025\/04\/5-agenda-1-min-1-e1744193163306-440x260.png 440w, https:\/\/bubbleplan.net\/blog\/wp-content\/uploads\/2025\/04\/5-agenda-1-min-1-e1744193163306-320x189.png 320w, https:\/\/bubbleplan.net\/blog\/wp-content\/uploads\/2025\/04\/5-agenda-1-min-1-e1744193163306-1400x828.png 1400w\" sizes=\"(max-width: 2880px) 100vw, 2880px\" loading=\"lazy\" \/><\/figure>\n\n\n\n<p class=\"p1\"><br>Tr\u00e8s proche des agendas en ligne que vous utilisez au quotidien, elle r\u00e9cup\u00e8re les filtres traditionnels de Bubble Plan : projets, intervenants, bulles etc&#8230;<\/p>\n\n\n\n<p class=\"p1\"><br>Contrairement au <a href=\"https:\/\/bubbleplan.net\/blog\/planning-intervenants-nouveaute\/\">Planning des Intervenants<\/a> qui propose une vue lin\u00e9aire, la vue Agenda adopte une grille calendrier, color\u00e9e et structur\u00e9e, pour piloter vos projets et vos \u00e9quipes en un coup d&rsquo;\u0153il.<\/p>\n\n\n\n<h2 class=\"wp-block-heading\"><span class=\"ez-toc-section\" id=\"gardez-le-fil-de-vos-projets-au-quotidien\"><\/span>Gardez le fil de vos projets au quotidien<span class=\"ez-toc-section-end\"><\/span><\/h2>\n\n\n\n<p class=\"p1\">La vue Agenda centralise tout ce dont vous avez besoin au quotidien : vos <strong>bulles<\/strong> et vos jalons, qu&rsquo;ils soient courts ou longs. Vous pouvez \u00e9galement cr\u00e9er des actions hors projet, visibles uniquement dans cette vue, pour g\u00e9rer vos obligations personnelles sans les m\u00e9langer \u00e0 vos projets.<\/p>\n\n\n\n<figure class=\"wp-block-image size-large\"><a href=\"https:\/\/bubbleplan.net\/creer-un-compte-gratuit\"><img decoding=\"async\" width=\"2911\" height=\"1008\" src=\"https:\/\/bubbleplan.net\/blog\/wp-content\/uploads\/2025\/09\/cta-bubble-plan-2911x1008.png\" alt=\"appel \u00e0 l'action pour s'inscrire sur bubble plan\" class=\"wp-image-14853\" srcset=\"https:\/\/bubbleplan.net\/blog\/wp-content\/uploads\/2025\/09\/cta-bubble-plan-2911x1008.png 2911w, https:\/\/bubbleplan.net\/blog\/wp-content\/uploads\/2025\/09\/cta-bubble-plan-528x183.png 528w, https:\/\/bubbleplan.net\/blog\/wp-content\/uploads\/2025\/09\/cta-bubble-plan-768x266.png 768w, https:\/\/bubbleplan.net\/blog\/wp-content\/uploads\/2025\/09\/cta-bubble-plan-1536x532.png 1536w, https:\/\/bubbleplan.net\/blog\/wp-content\/uploads\/2025\/09\/cta-bubble-plan-2048x709.png 2048w, https:\/\/bubbleplan.net\/blog\/wp-content\/uploads\/2025\/09\/cta-bubble-plan-440x152.png 440w, https:\/\/bubbleplan.net\/blog\/wp-content\/uploads\/2025\/09\/cta-bubble-plan-320x111.png 320w, https:\/\/bubbleplan.net\/blog\/wp-content\/uploads\/2025\/09\/cta-bubble-plan-1400x485.png 1400w\" sizes=\"(max-width: 2911px) 100vw, 2911px\" loading=\"lazy\" \/><\/a><\/figure>\n\n\n\n<p class=\"p1\"><br>Vous pouvez intervenir directement sur vos \u00e9v\u00e9nements depuis la vue Agenda, sans avoir \u00e0 retourner dans chaque planning. Tout est modifiable en temps r\u00e9el.<\/p>\n\n\n\n<p class=\"p1\"><br>Les filtres vous donnent un contr\u00f4le pr\u00e9cis sur ce que vous souhaitez afficher. Filtrez par <strong>projet<\/strong>, par <strong>intervenant <\/strong>ou par <strong>crit\u00e8res d&rsquo;affichage<\/strong>. Choisissez par exemple de n&rsquo;afficher que les jalons, uniquement les bulles longues, ou une combinaison selon vos besoins. Vous \u00eates enti\u00e8rement ma\u00eetre de votre vue.<\/p>\n\n\n\n<h2 class=\"wp-block-heading p1\"><span class=\"ez-toc-section\" id=\"anticipez-les-absences-et-indisponibilites\"><\/span>Anticipez les absences et indisponibilit\u00e9s<span class=\"ez-toc-section-end\"><\/span><\/h2>\n\n\n\n<p>La vue Agenda permet \u00e9galement de g\u00e9rer vos <strong>p\u00e9riodes d&rsquo;indisponibilit\u00e9<\/strong>. <\/p>\n\n\n\n<p>Vacances, formations, temps partiel\u2026 vous pouvez indiquer ces p\u00e9riodes directement dans l&rsquo;outil, avec un pourcentage d&rsquo;occupation si besoin.<\/p>\n\n\n<div class=\"wp-block-image\">\n<figure class=\"aligncenter size-full\"><img decoding=\"async\" width=\"516\" height=\"378\" src=\"https:\/\/bubbleplan.net\/blog\/wp-content\/uploads\/2021\/03\/vue-agenda-bubble-plan.png\" alt=\"d\u00e9couvrez la vue agenda dans Bubble Plan\" class=\"wp-image-15915\" srcset=\"https:\/\/bubbleplan.net\/blog\/wp-content\/uploads\/2021\/03\/vue-agenda-bubble-plan.png 516w, https:\/\/bubbleplan.net\/blog\/wp-content\/uploads\/2021\/03\/vue-agenda-bubble-plan-440x322.png 440w, https:\/\/bubbleplan.net\/blog\/wp-content\/uploads\/2021\/03\/vue-agenda-bubble-plan-320x234.png 320w\" sizes=\"(max-width: 516px) 100vw, 516px\" loading=\"lazy\" \/><\/figure><\/div>\n\n\n<p>Un vrai atout pour le calcul de la <a href=\"https:\/\/bubbleplan.net\/gestion-ressources\">charge de travail<\/a>. Plus de risque d&rsquo;assigner des t\u00e2ches \u00e0 quelqu&rsquo;un qui est en formation ou absent.<\/p>\n\n\n\n<p>Chacun est planifi\u00e9 en fonction de sa disponibilit\u00e9 r\u00e9elle.<\/p>\n\n\n\n<figure class=\"wp-block-image size-full\"><a href=\"https:\/\/bubbleplan.net\/creer-un-compte-gratuit\"><img decoding=\"async\" width=\"2560\" height=\"424\" src=\"https:\/\/bubbleplan.net\/blog\/wp-content\/uploads\/2025\/09\/cta-bas-de-page-1.png\" alt=\"appel \u00e0 l'action avec un texte \u00e0 gauche, et un bouton vert \u00e0 droite\" class=\"wp-image-14861\" srcset=\"https:\/\/bubbleplan.net\/blog\/wp-content\/uploads\/2025\/09\/cta-bas-de-page-1.png 2560w, https:\/\/bubbleplan.net\/blog\/wp-content\/uploads\/2025\/09\/cta-bas-de-page-1-528x87.png 528w, https:\/\/bubbleplan.net\/blog\/wp-content\/uploads\/2025\/09\/cta-bas-de-page-1-768x127.png 768w, https:\/\/bubbleplan.net\/blog\/wp-content\/uploads\/2025\/09\/cta-bas-de-page-1-1536x254.png 1536w, https:\/\/bubbleplan.net\/blog\/wp-content\/uploads\/2025\/09\/cta-bas-de-page-1-2048x339.png 2048w, https:\/\/bubbleplan.net\/blog\/wp-content\/uploads\/2025\/09\/cta-bas-de-page-1-440x73.png 440w, https:\/\/bubbleplan.net\/blog\/wp-content\/uploads\/2025\/09\/cta-bas-de-page-1-320x53.png 320w, https:\/\/bubbleplan.net\/blog\/wp-content\/uploads\/2025\/09\/cta-bas-de-page-1-1400x232.png 1400w\" sizes=\"(max-width: 2560px) 100vw, 2560px\" loading=\"lazy\" \/><\/a><\/figure>\n","protected":false},"excerpt":{"rendered":"<p>Vous jonglez entre plusieurs projets et vous avez du mal \u00e0 garder une vue d&rsquo;ensemble sur vos \u00e9ch\u00e9ances et celles de vos collaborateurs ? La vue Agenda est faite pour vous. Pour rappel, c&rsquo;est une fonctionnalit\u00e9 r\u00e9serv\u00e9e au BUSINESS et ENTERPRISE. Ce tableau de bord adopte une approche calendrier, proche de ce que vous connaissez&#8230;<\/p>\n","protected":false},"author":2,"featured_media":4334,"comment_status":"open","ping_status":"open","sticky":false,"template":"","format":"standard","meta":{"footnotes":""},"categories":[658,21],"tags":[58,351,352,353],"class_list":{"0":"post-4329","1":"post","2":"type-post","3":"status-publish","4":"format-standard","5":"has-post-thumbnail","6":"hentry","7":"category-tableau-de-bord","8":"category-fonctionnalites","9":"tag-fonctionnalite","10":"tag-agenda","11":"tag-tableau-de-bord","12":"tag-calendrier","13":"article","14":"","16":"has-excerpt","17":"has-avatar","18":"has-author","19":"has-nickname","20":"has-date","21":"has-comment-count","22":"has-category-meta","23":"has-read-more","24":"has-title","25":"has-post-media","26":"thumbnail-"},"nelio_content":{"isAutoShareEnabled":true,"autoShareEndMode":"never","automationSources":{"useCustomSentences":false,"customSentences":[]},"followers":[2,1,14],"suggestedReferences":[],"efiUrl":"","efiAlt":"","highlights":[],"permalinkQueryArgs":[],"series":[]},"yoast_head":"<!-- This site is optimized with the Yoast SEO plugin v26.8 - https:\/\/yoast.com\/product\/yoast-seo-wordpress\/ -->\n<title>Bubble Plan : nouveaut\u00e9 dans les tableaux de bords, la vue Agenda<\/title>\n<meta name=\"description\" content=\"Avec la vue Agenda, profitez d\u2019un calendrier pour mieux suivre vos obligations au quotidien ou les \u00e9ch\u00e9ances de vos collaborateurs !\" \/>\n<meta name=\"robots\" content=\"index, follow, max-snippet:-1, max-image-preview:large, max-video-preview:-1\" \/>\n<link rel=\"canonical\" href=\"https:\/\/bubbleplan.net\/blog\/tableaux-de-bord-vue-agenda\/\" \/>\n<meta property=\"og:locale\" content=\"fr_FR\" \/>\n<meta property=\"og:type\" content=\"article\" \/>\n<meta property=\"og:title\" content=\"Bubble Plan : nouveaut\u00e9 dans les tableaux de bords, la vue Agenda\" \/>\n<meta property=\"og:description\" content=\"Avec la vue Agenda, profitez d\u2019un calendrier pour mieux suivre vos obligations au quotidien ou les \u00e9ch\u00e9ances de vos collaborateurs !\" \/>\n<meta property=\"og:url\" content=\"https:\/\/bubbleplan.net\/blog\/tableaux-de-bord-vue-agenda\/\" \/>\n<meta property=\"og:site_name\" content=\"Bubble Plan : blog de la Gestion de Projet efficace et collaborative\" \/>\n<meta property=\"article:publisher\" content=\"https:\/\/www.facebook.com\/bubbleplan\" \/>\n<meta property=\"article:published_time\" content=\"2026-02-24T15:25:33+00:00\" \/>\n<meta property=\"article:modified_time\" content=\"2026-02-24T15:39:55+00:00\" \/>\n<meta property=\"og:image\" content=\"https:\/\/bubbleplan.net\/blog\/wp-content\/uploads\/2021\/03\/tableau-bord-vue-agenda.jpg\" \/>\n\t<meta property=\"og:image:width\" content=\"1000\" \/>\n\t<meta property=\"og:image:height\" content=\"547\" \/>\n\t<meta property=\"og:image:type\" content=\"image\/jpeg\" \/>\n<meta name=\"author\" content=\"Gr\u00e9gory Hennion\" \/>\n<meta name=\"twitter:card\" content=\"summary_large_image\" \/>\n<meta name=\"twitter:creator\" content=\"@BubblePlan\" \/>\n<meta name=\"twitter:site\" content=\"@BubblePlan\" \/>\n<meta name=\"twitter:label1\" content=\"\u00c9crit par\" \/>\n\t<meta name=\"twitter:data1\" content=\"Gr\u00e9gory Hennion\" \/>\n\t<meta name=\"twitter:label2\" content=\"Dur\u00e9e de lecture estim\u00e9e\" \/>\n\t<meta name=\"twitter:data2\" content=\"3 minutes\" \/>\n<script type=\"application\/ld+json\" class=\"yoast-schema-graph\">{\"@context\":\"https:\/\/schema.org\",\"@graph\":[{\"@type\":\"Article\",\"@id\":\"https:\/\/bubbleplan.net\/blog\/tableaux-de-bord-vue-agenda\/#article\",\"isPartOf\":{\"@id\":\"https:\/\/bubbleplan.net\/blog\/tableaux-de-bord-vue-agenda\/\"},\"author\":{\"name\":\"Gr\u00e9gory Hennion\",\"@id\":\"https:\/\/bubbleplan.net\/blog\/#\/schema\/person\/6c4462762ae97fb6382693f1b5312a48\"},\"headline\":\"La vue Agenda dans Bubble Plan\",\"datePublished\":\"2026-02-24T15:25:33+00:00\",\"dateModified\":\"2026-02-24T15:39:55+00:00\",\"mainEntityOfPage\":{\"@id\":\"https:\/\/bubbleplan.net\/blog\/tableaux-de-bord-vue-agenda\/\"},\"wordCount\":407,\"commentCount\":0,\"publisher\":{\"@id\":\"https:\/\/bubbleplan.net\/blog\/#organization\"},\"image\":{\"@id\":\"https:\/\/bubbleplan.net\/blog\/tableaux-de-bord-vue-agenda\/#primaryimage\"},\"thumbnailUrl\":\"https:\/\/bubbleplan.net\/blog\/wp-content\/uploads\/2021\/03\/tableau-bord-vue-agenda.jpg\",\"keywords\":[\"fonctionnalit\u00e9\",\"Agenda\",\"tableau de bord\",\"calendrier\"],\"articleSection\":[\"Tableaux de bord\",\"Fonctionnalit\u00e9s\"],\"inLanguage\":\"fr-FR\",\"potentialAction\":[{\"@type\":\"CommentAction\",\"name\":\"Comment\",\"target\":[\"https:\/\/bubbleplan.net\/blog\/tableaux-de-bord-vue-agenda\/#respond\"]}]},{\"@type\":\"WebPage\",\"@id\":\"https:\/\/bubbleplan.net\/blog\/tableaux-de-bord-vue-agenda\/\",\"url\":\"https:\/\/bubbleplan.net\/blog\/tableaux-de-bord-vue-agenda\/\",\"name\":\"Bubble Plan : nouveaut\u00e9 dans les tableaux de bords, la vue Agenda\",\"isPartOf\":{\"@id\":\"https:\/\/bubbleplan.net\/blog\/#website\"},\"primaryImageOfPage\":{\"@id\":\"https:\/\/bubbleplan.net\/blog\/tableaux-de-bord-vue-agenda\/#primaryimage\"},\"image\":{\"@id\":\"https:\/\/bubbleplan.net\/blog\/tableaux-de-bord-vue-agenda\/#primaryimage\"},\"thumbnailUrl\":\"https:\/\/bubbleplan.net\/blog\/wp-content\/uploads\/2021\/03\/tableau-bord-vue-agenda.jpg\",\"datePublished\":\"2026-02-24T15:25:33+00:00\",\"dateModified\":\"2026-02-24T15:39:55+00:00\",\"description\":\"Avec la vue Agenda, profitez d\u2019un calendrier pour mieux suivre vos obligations au quotidien ou les \u00e9ch\u00e9ances de vos collaborateurs !\",\"breadcrumb\":{\"@id\":\"https:\/\/bubbleplan.net\/blog\/tableaux-de-bord-vue-agenda\/#breadcrumb\"},\"inLanguage\":\"fr-FR\",\"potentialAction\":[{\"@type\":\"ReadAction\",\"target\":[\"https:\/\/bubbleplan.net\/blog\/tableaux-de-bord-vue-agenda\/\"]}]},{\"@type\":\"ImageObject\",\"inLanguage\":\"fr-FR\",\"@id\":\"https:\/\/bubbleplan.net\/blog\/tableaux-de-bord-vue-agenda\/#primaryimage\",\"url\":\"https:\/\/bubbleplan.net\/blog\/wp-content\/uploads\/2021\/03\/tableau-bord-vue-agenda.jpg\",\"contentUrl\":\"https:\/\/bubbleplan.net\/blog\/wp-content\/uploads\/2021\/03\/tableau-bord-vue-agenda.jpg\",\"width\":1000,\"height\":547},{\"@type\":\"BreadcrumbList\",\"@id\":\"https:\/\/bubbleplan.net\/blog\/tableaux-de-bord-vue-agenda\/#breadcrumb\",\"itemListElement\":[{\"@type\":\"ListItem\",\"position\":1,\"name\":\"Blog\",\"item\":\"https:\/\/bubbleplan.net\/blog\/\"},{\"@type\":\"ListItem\",\"position\":2,\"name\":\"Fonctionnalit\u00e9s\",\"item\":\"https:\/\/bubbleplan.net\/blog\/category\/fonctionnalites\/\"},{\"@type\":\"ListItem\",\"position\":3,\"name\":\"La vue Agenda dans Bubble Plan\"}]},{\"@type\":\"WebSite\",\"@id\":\"https:\/\/bubbleplan.net\/blog\/#website\",\"url\":\"https:\/\/bubbleplan.net\/blog\/\",\"name\":\"Bubble Plan : blog de la Gestion de Projet efficace et collaborative\",\"description\":\"Toute l&#039;actualit\u00e9 de la gestion de projet et du collaboratif, avec Bubble Plan\",\"publisher\":{\"@id\":\"https:\/\/bubbleplan.net\/blog\/#organization\"},\"potentialAction\":[{\"@type\":\"SearchAction\",\"target\":{\"@type\":\"EntryPoint\",\"urlTemplate\":\"https:\/\/bubbleplan.net\/blog\/?s={search_term_string}\"},\"query-input\":{\"@type\":\"PropertyValueSpecification\",\"valueRequired\":true,\"valueName\":\"search_term_string\"}}],\"inLanguage\":\"fr-FR\"},{\"@type\":\"Organization\",\"@id\":\"https:\/\/bubbleplan.net\/blog\/#organization\",\"name\":\"Bubble Plan\",\"url\":\"https:\/\/bubbleplan.net\/blog\/\",\"logo\":{\"@type\":\"ImageObject\",\"inLanguage\":\"fr-FR\",\"@id\":\"https:\/\/bubbleplan.net\/blog\/#\/schema\/logo\/image\/\",\"url\":\"https:\/\/bubbleplan.net\/blog\/wp-content\/uploads\/2024\/07\/logo-leblog-vf-01-336.png\",\"contentUrl\":\"https:\/\/bubbleplan.net\/blog\/wp-content\/uploads\/2024\/07\/logo-leblog-vf-01-336.png\",\"width\":672,\"height\":62,\"caption\":\"Bubble Plan\"},\"image\":{\"@id\":\"https:\/\/bubbleplan.net\/blog\/#\/schema\/logo\/image\/\"},\"sameAs\":[\"https:\/\/www.facebook.com\/bubbleplan\",\"https:\/\/x.com\/BubblePlan\",\"https:\/\/www.linkedin.com\/company\/bubbleplan\",\"https:\/\/www.youtube.com\/channel\/UCDb4feDzsa4fCd_vR5HZJgg\"]},{\"@type\":\"Person\",\"@id\":\"https:\/\/bubbleplan.net\/blog\/#\/schema\/person\/6c4462762ae97fb6382693f1b5312a48\",\"name\":\"Gr\u00e9gory Hennion\",\"image\":{\"@type\":\"ImageObject\",\"inLanguage\":\"fr-FR\",\"@id\":\"https:\/\/bubbleplan.net\/blog\/#\/schema\/person\/image\/\",\"url\":\"https:\/\/secure.gravatar.com\/avatar\/c42e72a19ab0d910c5a805ee5fa51347?s=96&d=mm&r=g\",\"contentUrl\":\"https:\/\/secure.gravatar.com\/avatar\/c42e72a19ab0d910c5a805ee5fa51347?s=96&d=mm&r=g\",\"caption\":\"Gr\u00e9gory Hennion\"},\"description\":\"Expert gestion de projet, Gr\u00e9gory \u00e9crit pour le blog de Bubble Plan depuis 2017. Expert produit, passionn\u00e9 par les mots et l\u2019\u00e9criture, il vous partage des articles riches de sens, nourris par des ann\u00e9es d\u2019exp\u00e9rience terrain. Vous pouvez suivre son actualit\u00e9 sur LinkedIn.\",\"sameAs\":[\"https:\/\/www.linkedin.com\/in\/greg-hennion-active-networker\/\"],\"url\":\"https:\/\/bubbleplan.net\/blog\/author\/gregory\/\"}]}<\/script>\n<!-- \/ Yoast SEO plugin. -->","yoast_head_json":{"title":"Bubble Plan : nouveaut\u00e9 dans les tableaux de bords, la vue Agenda","description":"Avec la vue Agenda, profitez d\u2019un calendrier pour mieux suivre vos obligations au quotidien ou les \u00e9ch\u00e9ances de vos collaborateurs !","robots":{"index":"index","follow":"follow","max-snippet":"max-snippet:-1","max-image-preview":"max-image-preview:large","max-video-preview":"max-video-preview:-1"},"canonical":"https:\/\/bubbleplan.net\/blog\/tableaux-de-bord-vue-agenda\/","og_locale":"fr_FR","og_type":"article","og_title":"Bubble Plan : nouveaut\u00e9 dans les tableaux de bords, la vue Agenda","og_description":"Avec la vue Agenda, profitez d\u2019un calendrier pour mieux suivre vos obligations au quotidien ou les \u00e9ch\u00e9ances de vos collaborateurs !","og_url":"https:\/\/bubbleplan.net\/blog\/tableaux-de-bord-vue-agenda\/","og_site_name":"Bubble Plan : blog de la Gestion de Projet efficace et collaborative","article_publisher":"https:\/\/www.facebook.com\/bubbleplan","article_published_time":"2026-02-24T15:25:33+00:00","article_modified_time":"2026-02-24T15:39:55+00:00","og_image":[{"width":1000,"height":547,"url":"https:\/\/bubbleplan.net\/blog\/wp-content\/uploads\/2021\/03\/tableau-bord-vue-agenda.jpg","type":"image\/jpeg"}],"author":"Gr\u00e9gory Hennion","twitter_card":"summary_large_image","twitter_creator":"@BubblePlan","twitter_site":"@BubblePlan","twitter_misc":{"\u00c9crit par":"Gr\u00e9gory Hennion","Dur\u00e9e de lecture estim\u00e9e":"3 minutes"},"schema":{"@context":"https:\/\/schema.org","@graph":[{"@type":"Article","@id":"https:\/\/bubbleplan.net\/blog\/tableaux-de-bord-vue-agenda\/#article","isPartOf":{"@id":"https:\/\/bubbleplan.net\/blog\/tableaux-de-bord-vue-agenda\/"},"author":{"name":"Gr\u00e9gory Hennion","@id":"https:\/\/bubbleplan.net\/blog\/#\/schema\/person\/6c4462762ae97fb6382693f1b5312a48"},"headline":"La vue Agenda dans Bubble Plan","datePublished":"2026-02-24T15:25:33+00:00","dateModified":"2026-02-24T15:39:55+00:00","mainEntityOfPage":{"@id":"https:\/\/bubbleplan.net\/blog\/tableaux-de-bord-vue-agenda\/"},"wordCount":407,"commentCount":0,"publisher":{"@id":"https:\/\/bubbleplan.net\/blog\/#organization"},"image":{"@id":"https:\/\/bubbleplan.net\/blog\/tableaux-de-bord-vue-agenda\/#primaryimage"},"thumbnailUrl":"https:\/\/bubbleplan.net\/blog\/wp-content\/uploads\/2021\/03\/tableau-bord-vue-agenda.jpg","keywords":["fonctionnalit\u00e9","Agenda","tableau de bord","calendrier"],"articleSection":["Tableaux de bord","Fonctionnalit\u00e9s"],"inLanguage":"fr-FR","potentialAction":[{"@type":"CommentAction","name":"Comment","target":["https:\/\/bubbleplan.net\/blog\/tableaux-de-bord-vue-agenda\/#respond"]}]},{"@type":"WebPage","@id":"https:\/\/bubbleplan.net\/blog\/tableaux-de-bord-vue-agenda\/","url":"https:\/\/bubbleplan.net\/blog\/tableaux-de-bord-vue-agenda\/","name":"Bubble Plan : nouveaut\u00e9 dans les tableaux de bords, la vue Agenda","isPartOf":{"@id":"https:\/\/bubbleplan.net\/blog\/#website"},"primaryImageOfPage":{"@id":"https:\/\/bubbleplan.net\/blog\/tableaux-de-bord-vue-agenda\/#primaryimage"},"image":{"@id":"https:\/\/bubbleplan.net\/blog\/tableaux-de-bord-vue-agenda\/#primaryimage"},"thumbnailUrl":"https:\/\/bubbleplan.net\/blog\/wp-content\/uploads\/2021\/03\/tableau-bord-vue-agenda.jpg","datePublished":"2026-02-24T15:25:33+00:00","dateModified":"2026-02-24T15:39:55+00:00","description":"Avec la vue Agenda, profitez d\u2019un calendrier pour mieux suivre vos obligations au quotidien ou les \u00e9ch\u00e9ances de vos collaborateurs !","breadcrumb":{"@id":"https:\/\/bubbleplan.net\/blog\/tableaux-de-bord-vue-agenda\/#breadcrumb"},"inLanguage":"fr-FR","potentialAction":[{"@type":"ReadAction","target":["https:\/\/bubbleplan.net\/blog\/tableaux-de-bord-vue-agenda\/"]}]},{"@type":"ImageObject","inLanguage":"fr-FR","@id":"https:\/\/bubbleplan.net\/blog\/tableaux-de-bord-vue-agenda\/#primaryimage","url":"https:\/\/bubbleplan.net\/blog\/wp-content\/uploads\/2021\/03\/tableau-bord-vue-agenda.jpg","contentUrl":"https:\/\/bubbleplan.net\/blog\/wp-content\/uploads\/2021\/03\/tableau-bord-vue-agenda.jpg","width":1000,"height":547},{"@type":"BreadcrumbList","@id":"https:\/\/bubbleplan.net\/blog\/tableaux-de-bord-vue-agenda\/#breadcrumb","itemListElement":[{"@type":"ListItem","position":1,"name":"Blog","item":"https:\/\/bubbleplan.net\/blog\/"},{"@type":"ListItem","position":2,"name":"Fonctionnalit\u00e9s","item":"https:\/\/bubbleplan.net\/blog\/category\/fonctionnalites\/"},{"@type":"ListItem","position":3,"name":"La vue Agenda dans Bubble Plan"}]},{"@type":"WebSite","@id":"https:\/\/bubbleplan.net\/blog\/#website","url":"https:\/\/bubbleplan.net\/blog\/","name":"Bubble Plan : blog de la Gestion de Projet efficace et collaborative","description":"Toute l&#039;actualit\u00e9 de la gestion de projet et du collaboratif, avec Bubble Plan","publisher":{"@id":"https:\/\/bubbleplan.net\/blog\/#organization"},"potentialAction":[{"@type":"SearchAction","target":{"@type":"EntryPoint","urlTemplate":"https:\/\/bubbleplan.net\/blog\/?s={search_term_string}"},"query-input":{"@type":"PropertyValueSpecification","valueRequired":true,"valueName":"search_term_string"}}],"inLanguage":"fr-FR"},{"@type":"Organization","@id":"https:\/\/bubbleplan.net\/blog\/#organization","name":"Bubble Plan","url":"https:\/\/bubbleplan.net\/blog\/","logo":{"@type":"ImageObject","inLanguage":"fr-FR","@id":"https:\/\/bubbleplan.net\/blog\/#\/schema\/logo\/image\/","url":"https:\/\/bubbleplan.net\/blog\/wp-content\/uploads\/2024\/07\/logo-leblog-vf-01-336.png","contentUrl":"https:\/\/bubbleplan.net\/blog\/wp-content\/uploads\/2024\/07\/logo-leblog-vf-01-336.png","width":672,"height":62,"caption":"Bubble Plan"},"image":{"@id":"https:\/\/bubbleplan.net\/blog\/#\/schema\/logo\/image\/"},"sameAs":["https:\/\/www.facebook.com\/bubbleplan","https:\/\/x.com\/BubblePlan","https:\/\/www.linkedin.com\/company\/bubbleplan","https:\/\/www.youtube.com\/channel\/UCDb4feDzsa4fCd_vR5HZJgg"]},{"@type":"Person","@id":"https:\/\/bubbleplan.net\/blog\/#\/schema\/person\/6c4462762ae97fb6382693f1b5312a48","name":"Gr\u00e9gory Hennion","image":{"@type":"ImageObject","inLanguage":"fr-FR","@id":"https:\/\/bubbleplan.net\/blog\/#\/schema\/person\/image\/","url":"https:\/\/secure.gravatar.com\/avatar\/c42e72a19ab0d910c5a805ee5fa51347?s=96&d=mm&r=g","contentUrl":"https:\/\/secure.gravatar.com\/avatar\/c42e72a19ab0d910c5a805ee5fa51347?s=96&d=mm&r=g","caption":"Gr\u00e9gory Hennion"},"description":"Expert gestion de projet, Gr\u00e9gory \u00e9crit pour le blog de Bubble Plan depuis 2017. Expert produit, passionn\u00e9 par les mots et l\u2019\u00e9criture, il vous partage des articles riches de sens, nourris par des ann\u00e9es d\u2019exp\u00e9rience terrain. Vous pouvez suivre son actualit\u00e9 sur LinkedIn.","sameAs":["https:\/\/www.linkedin.com\/in\/greg-hennion-active-networker\/"],"url":"https:\/\/bubbleplan.net\/blog\/author\/gregory\/"}]}},"_links":{"self":[{"href":"https:\/\/bubbleplan.net\/blog\/wp-json\/wp\/v2\/posts\/4329","targetHints":{"allow":["GET"]}}],"collection":[{"href":"https:\/\/bubbleplan.net\/blog\/wp-json\/wp\/v2\/posts"}],"about":[{"href":"https:\/\/bubbleplan.net\/blog\/wp-json\/wp\/v2\/types\/post"}],"author":[{"embeddable":true,"href":"https:\/\/bubbleplan.net\/blog\/wp-json\/wp\/v2\/users\/2"}],"replies":[{"embeddable":true,"href":"https:\/\/bubbleplan.net\/blog\/wp-json\/wp\/v2\/comments?post=4329"}],"version-history":[{"count":7,"href":"https:\/\/bubbleplan.net\/blog\/wp-json\/wp\/v2\/posts\/4329\/revisions"}],"predecessor-version":[{"id":15921,"href":"https:\/\/bubbleplan.net\/blog\/wp-json\/wp\/v2\/posts\/4329\/revisions\/15921"}],"wp:featuredmedia":[{"embeddable":true,"href":"https:\/\/bubbleplan.net\/blog\/wp-json\/wp\/v2\/media\/4334"}],"wp:attachment":[{"href":"https:\/\/bubbleplan.net\/blog\/wp-json\/wp\/v2\/media?parent=4329"}],"wp:term":[{"taxonomy":"category","embeddable":true,"href":"https:\/\/bubbleplan.net\/blog\/wp-json\/wp\/v2\/categories?post=4329"},{"taxonomy":"post_tag","embeddable":true,"href":"https:\/\/bubbleplan.net\/blog\/wp-json\/wp\/v2\/tags?post=4329"}],"curies":[{"name":"wp","href":"https:\/\/api.w.org\/{rel}","templated":true}]}}