{"id":4957,"date":"2026-02-26T16:06:38","date_gmt":"2026-02-26T15:06:38","guid":{"rendered":"https:\/\/bubbleplan.net\/blog\/?p=4957"},"modified":"2026-02-26T16:10:16","modified_gmt":"2026-02-26T15:10:16","slug":"livres-reference-gestion-de-projets-2-2","status":"publish","type":"post","link":"https:\/\/bubbleplan.net\/blog\/livres-reference-gestion-de-projets-2-2\/","title":{"rendered":"Les livres de r\u00e9f\u00e9rence en gestion de projets"},"content":{"rendered":"\n\n<div class=\"kk-star-ratings kksr-auto kksr-align-left kksr-valign-top\"\n    data-payload='{&quot;align&quot;:&quot;left&quot;,&quot;id&quot;:&quot;4957&quot;,&quot;slug&quot;:&quot;default&quot;,&quot;valign&quot;:&quot;top&quot;,&quot;ignore&quot;:&quot;&quot;,&quot;reference&quot;:&quot;auto&quot;,&quot;class&quot;:&quot;&quot;,&quot;count&quot;:&quot;3&quot;,&quot;legendonly&quot;:&quot;&quot;,&quot;readonly&quot;:&quot;&quot;,&quot;score&quot;:&quot;5&quot;,&quot;starsonly&quot;:&quot;&quot;,&quot;best&quot;:&quot;5&quot;,&quot;gap&quot;:&quot;0&quot;,&quot;greet&quot;:&quot;Votre avis est essentiel !&quot;,&quot;legend&quot;:&quot;5\\\/5 - (3 votes)&quot;,&quot;size&quot;:&quot;20&quot;,&quot;title&quot;:&quot;Les livres de r\u00e9f\u00e9rence en gestion de projets&quot;,&quot;width&quot;:&quot;100&quot;,&quot;_legend&quot;:&quot;{score}\\\/{best} - ({count} {votes})&quot;,&quot;font_factor&quot;:&quot;1.25&quot;}'>\n            \n<div class=\"kksr-stars\">\n    \n<div class=\"kksr-stars-inactive\">\n            <div class=\"kksr-star\" data-star=\"1\" style=\"padding-right: 0px\">\n            \n\n<div class=\"kksr-icon\" style=\"width: 20px; height: 20px;\"><\/div>\n        <\/div>\n            <div class=\"kksr-star\" data-star=\"2\" style=\"padding-right: 0px\">\n            \n\n<div class=\"kksr-icon\" style=\"width: 20px; height: 20px;\"><\/div>\n        <\/div>\n            <div class=\"kksr-star\" data-star=\"3\" style=\"padding-right: 0px\">\n            \n\n<div class=\"kksr-icon\" style=\"width: 20px; height: 20px;\"><\/div>\n        <\/div>\n            <div class=\"kksr-star\" data-star=\"4\" style=\"padding-right: 0px\">\n            \n\n<div class=\"kksr-icon\" style=\"width: 20px; height: 20px;\"><\/div>\n        <\/div>\n            <div class=\"kksr-star\" data-star=\"5\" style=\"padding-right: 0px\">\n            \n\n<div class=\"kksr-icon\" style=\"width: 20px; height: 20px;\"><\/div>\n        <\/div>\n    <\/div>\n    \n<div class=\"kksr-stars-active\" style=\"width: 100px;\">\n            <div class=\"kksr-star\" style=\"padding-right: 0px\">\n            \n\n<div class=\"kksr-icon\" style=\"width: 20px; height: 20px;\"><\/div>\n        <\/div>\n            <div class=\"kksr-star\" style=\"padding-right: 0px\">\n            \n\n<div class=\"kksr-icon\" style=\"width: 20px; height: 20px;\"><\/div>\n        <\/div>\n            <div class=\"kksr-star\" style=\"padding-right: 0px\">\n            \n\n<div class=\"kksr-icon\" style=\"width: 20px; height: 20px;\"><\/div>\n        <\/div>\n            <div class=\"kksr-star\" style=\"padding-right: 0px\">\n            \n\n<div class=\"kksr-icon\" style=\"width: 20px; height: 20px;\"><\/div>\n        <\/div>\n            <div class=\"kksr-star\" style=\"padding-right: 0px\">\n            \n\n<div class=\"kksr-icon\" style=\"width: 20px; height: 20px;\"><\/div>\n        <\/div>\n    <\/div>\n<\/div>\n                \n\n<div class=\"kksr-legend\" style=\"font-size: 16px;\">\n            5\/5 - (3 votes)    <\/div>\n    <\/div>\n\n<p>Vous avez aim\u00e9 notre premi\u00e8re <a href=\"https:\/\/bubbleplan.net\/blog\/livres-reference-gestion-de-projet\/\">s\u00e9lection sur les fondamentaux<\/a> de la <strong>gestion de projet <\/strong>? Voici la suite ! <\/p>\n\n\n\n<p>Cette fois, on plonge dans des <strong>ouvrages plus sp\u00e9cialis\u00e9s<\/strong>, pour aller encore plus loin selon votre domaine : m\u00e9thodes agiles, projets culturels, \u00e9v\u00e9nementiels ou web.<\/p>\n\n\n\n<p><br>De quoi trouver la lecture qui vous correspond vraiment.<\/p>\n\n\n\n<div id=\"ez-toc-container\" class=\"ez-toc-v2_0_71 ez-toc-wrap-center counter-hierarchy ez-toc-counter ez-toc-transparent ez-toc-container-direction\">\n<div class=\"ez-toc-title-container\">\n<span class=\"ez-toc-title\" style=\"cursor:inherit\">SOMMAIRE<\/span>\n<span class=\"ez-toc-title-toggle\"><a href=\"#\" class=\"ez-toc-pull-right ez-toc-btn ez-toc-btn-xs ez-toc-btn-default ez-toc-toggle\" aria-label=\"Toggle Table of Content\"><span class=\"ez-toc-js-icon-con\"><span class=\"\"><span class=\"eztoc-hide\" style=\"display:none;\">Toggle<\/span><span class=\"ez-toc-icon-toggle-span\"><svg style=\"fill: #999;color:#999\" xmlns=\"http:\/\/www.w3.org\/2000\/svg\" class=\"list-377408\" width=\"20px\" height=\"20px\" viewBox=\"0 0 24 24\" fill=\"none\"><path d=\"M6 6H4v2h2V6zm14 0H8v2h12V6zM4 11h2v2H4v-2zm16 0H8v2h12v-2zM4 16h2v2H4v-2zm16 0H8v2h12v-2z\" fill=\"currentColor\"><\/path><\/svg><svg style=\"fill: #999;color:#999\" class=\"arrow-unsorted-368013\" xmlns=\"http:\/\/www.w3.org\/2000\/svg\" width=\"10px\" height=\"10px\" viewBox=\"0 0 24 24\" version=\"1.2\" baseProfile=\"tiny\"><path d=\"M18.2 9.3l-6.2-6.3-6.2 6.3c-.2.2-.3.4-.3.7s.1.5.3.7c.2.2.4.3.7.3h11c.3 0 .5-.1.7-.3.2-.2.3-.5.3-.7s-.1-.5-.3-.7zM5.8 14.7l6.2 6.3 6.2-6.3c.2-.2.3-.5.3-.7s-.1-.5-.3-.7c-.2-.2-.4-.3-.7-.3h-11c-.3 0-.5.1-.7.3-.2.2-.3.5-.3.7s.1.5.3.7z\"\/><\/svg><\/span><\/span><\/span><\/a><\/span><\/div>\n<nav><ul class='ez-toc-list ez-toc-list-level-1 ' ><li class='ez-toc-page-1 ez-toc-heading-level-2'><a class=\"ez-toc-link ez-toc-heading-1\" href=\"https:\/\/bubbleplan.net\/blog\/livres-reference-gestion-de-projets-2-2\/#les-ouvrages-de-gestion-de-projet-collaborative-en-mode-agile\" title=\"Les ouvrages de gestion de projet collaborative, en mode agile\">Les ouvrages de gestion de projet collaborative, en mode agile<\/a><\/li><li class='ez-toc-page-1 ez-toc-heading-level-2'><a class=\"ez-toc-link ez-toc-heading-2\" href=\"https:\/\/bubbleplan.net\/blog\/livres-reference-gestion-de-projets-2-2\/#les-ouvrages-de-gestion-de-projets-culturels-et-evenementiels\" title=\"Les ouvrages de gestion de projets culturels et \u00e9v\u00e9nementiels\">Les ouvrages de gestion de projets culturels et \u00e9v\u00e9nementiels<\/a><\/li><li class='ez-toc-page-1 ez-toc-heading-level-2'><a class=\"ez-toc-link ez-toc-heading-3\" href=\"https:\/\/bubbleplan.net\/blog\/livres-reference-gestion-de-projets-2-2\/#les-ouvrages-de-gestion-de-projets-web\" title=\"Les ouvrages de gestion de projets web\">Les ouvrages de gestion de projets web<\/a><\/li><\/ul><\/nav><\/div>\n<h2 class=\"wp-block-heading\"><span class=\"ez-toc-section\" id=\"les-ouvrages-de-gestion-de-projet-collaborative-en-mode-agile\"><\/span>Les ouvrages de gestion de projet collaborative, en mode agile<span class=\"ez-toc-section-end\"><\/span><\/h2>\n\n\n\n<p>Vous souhaitez int\u00e9grer de<a href=\"https:\/\/bubbleplan.net\/blog\/methodes-gestion-projet-comment-choisir\/\"> nouvelles m\u00e9thodes de travail<\/a> au sein de votre entreprise, dans le but <strong>d\u2019optimiser votre gestion de projet<\/strong> ? Nous vous avons d\u00e9got\u00e9 quelques ouvrages qui vous pr\u00e9senteront et vous aideront \u00e0 appliquer ces m\u00e9thodes.<\/p>\n\n\n\n<h3 class=\"wp-block-heading\"><strong><em>Design Thinking (30\/09\/2020) St\u00e9phane Biso <\/em><br><\/strong><\/h3>\n\n\n<div class=\"wp-block-image\">\n<figure class=\"alignleft\"><a href=\"https:\/\/www.fnac.com\/a10512650\/Stephane-Biso-Design-Thinking-2e-ed-Accelerez-vos-projets-par-l-innovation-collaborative\" target=\"_blank\" rel=\"noopener nofollow\"><img decoding=\"async\" src=\"https:\/\/bubbleplan.net\/blog\/wp-content\/uploads\/2021\/11\/Design-Thinking-2e-ed-Accelerez-vos-projets-par-l-innovation-collaborative.jpg\" alt=\"Couverture du livre &quot;Design Thinking&quot;\" class=\"wp-image-4958\" loading=\"lazy\" \/><\/a><\/figure><\/div>\n\n\n<p><\/p>\n\n\n\n<p>Si pour vous, <strong>innover<\/strong> en entreprise doit passer par de nouvelles mani\u00e8res de faire et d\u2019<strong>agir en collaboration<\/strong>, alors ce livre est fait pour vous&nbsp;! <\/p>\n\n\n\n<p>Ce dernier vous permettra de d\u00e9couvrir ce qu\u2019est le <strong>Design Thinking<\/strong>. Une m\u00e9thode qui s\u2019av\u00e8re <strong>efficace<\/strong> en ce qui concerne la cr\u00e9ation d\u2019un projet. <\/p>\n\n\n\n<p>Il va vous aider \u00e0 <strong>acc\u00e9l\u00e9rer vos projets <\/strong>et <strong>stimuler<\/strong> <strong>votre<\/strong> <strong>cr\u00e9ativit\u00e9<\/strong>. \u00c0 travers cet ouvrage simple et ludique, vous apprendrez \u00e9tape par \u00e9tape \u00e0 la mettre en place dans votre entreprise. En partie, gr\u00e2ce aux nombreux exemples et conseils fournis par les deux auteurs.<\/p>\n\n\n\n<p>&nbsp;<\/p>\n\n\n\n<p>&nbsp;<\/p>\n\n\n\n<p>&nbsp;<\/p>\n\n\n\n<h3 class=\"wp-block-heading\"><strong><em>Les pratiques de l\u2019\u00e9quipe agile (22\/01\/2019) Thomas Thiry <\/em><\/strong><br><\/h3>\n\n\n<div class=\"wp-block-image\">\n<figure class=\"alignright\"><a href=\"https:\/\/www.fnac.com\/a12901073\/Thomas-Thiry-Les-pratiques-de-l-equipe-agile\" target=\"_blank\" rel=\"noopener nofollow\"><img decoding=\"async\" src=\"https:\/\/bubbleplan.net\/blog\/wp-content\/uploads\/2021\/11\/Les-pratiques-de-l-equipe-agile.jpg\" alt=\"Couverture du livre &quot;Les pratiques de l'\u00e9quipe agile&quot;\" class=\"wp-image-4959\" loading=\"lazy\" \/><\/a><\/figure><\/div>\n\n\n<p><\/p>\n\n\n\n<p>Apr\u00e8s la lecture de ce livre, la pratique de <strong>l\u2019\u00e9quipe agile<\/strong> n\u2019aura plus de secret pour vous. V\u00e9ritable guide, vous pouvez y retrouver toutes les diff\u00e9rentes m\u00e9thodes, expliqu\u00e9es et illustr\u00e9es de fa\u00e7on d\u00e9taill\u00e9e comme : le <a href=\"https:\/\/bubbleplan.net\/pedagogie-projet\/diagramme-gantt-en-ligne\">scrum<\/a>, <strong>lean software development, <\/strong><a href=\"https:\/\/bubbleplan.net\/pedagogie-projet\/methode-kanban\">kanban<\/a> \u2026&nbsp; &nbsp; &nbsp; &nbsp; &nbsp; <\/p>\n\n\n\n<p>En plus de l\u2019approche <strong>th\u00e9orique<\/strong>, cet ouvrage aborde \u00e9galement l\u2019approche <strong>technique<\/strong>. A suivre afin d\u2019obtenir de v\u00e9ritables r\u00e9sultats au sein de votre entreprise. Il s\u2019adresse \u00e0 toutes les personnes susceptibles de travailler au sein d\u2019une \u00e9quipe. Comme le s<strong>crum master<\/strong> ou encore le <strong>product owner<\/strong>.<\/p>\n\n\n\n<p>&nbsp;<\/p>\n\n\n\n<p>&nbsp;<\/p>\n\n\n\n<h3 class=\"wp-block-heading\"><em>Gestion de projet agile, avec Scrum Lean, Extreme Programming (21\/02\/2013) V\u00e9ronique Messager <\/em><br><\/h3>\n\n\n<div class=\"wp-block-image\">\n<figure class=\"alignleft\"><a href=\"https:\/\/www.fnac.com\/a5177151\/Veronique-Messager-Gestion-de-projet-agile\" target=\"_blank\" rel=\"noopener nofollow\"><img decoding=\"async\" src=\"https:\/\/bubbleplan.net\/blog\/wp-content\/uploads\/2021\/11\/Gestion-de-projet-agile.jpg\" alt=\"Couverture du livre &quot;Gestion de projet agile&quot;\" class=\"wp-image-4960\" loading=\"lazy\" \/><\/a><\/figure><\/div>\n\n\n<p>V\u00e9ronique Messager est une r\u00e9f\u00e9rence dans le domaine. Elle nous propose \u00e0 travers son ouvrage, une introduction aux <strong>m\u00e9thodes agiles<\/strong>. <\/p>\n\n\n\n<p>M\u00e9thodes qui connaissent de plus en plus de succ\u00e8s au sein des entreprises . Notamment par leur grande <strong>efficacit\u00e9 et flexibilit\u00e9<\/strong>. <\/p>\n\n\n\n<p>Ce livre peut servir de guide pour les <strong>chefs de projet<\/strong>. Qu\u2019ils soient exp\u00e9riment\u00e9s ou d\u00e9butants, mais aussi \u00e0 toute autre personne souhaitant mieux appr\u00e9hender <strong>la r\u00e9partition des r\u00f4les<\/strong> au sein de son projet. D\u00e9couvrez donc ces m\u00e9thodes afin d\u2019am\u00e9liorer vos comp\u00e9tences et de piloter efficacement vos projets.<\/p>\n\n\n\n<h3 class=\"wp-block-heading\">Switch &#8211; Comment changer les choses quand le changement est difficile (2020) &#8211; Chip et Dan Heath<\/h3>\n\n\n<div class=\"wp-block-image\">\n<figure class=\"alignright size-full\"><img decoding=\"async\" width=\"227\" height=\"350\" src=\"https:\/\/bubbleplan.net\/blog\/wp-content\/uploads\/2021\/11\/switch-livre-gestion-de-projet.jpg\" alt=\"\" class=\"wp-image-15959\" loading=\"lazy\" \/><\/figure><\/div>\n\n\n<p><br>Travailler en mode agile, c&rsquo;est aussi <strong>accepter de changer ses habitudes<\/strong> et <strong>embarquer toute une \u00e9quipe<\/strong> dans cette transformation. C&rsquo;est exactement ce que ce livre adresse. Chip et Dan Heath expliquent pourquoi le changement est souvent si difficile \u00e0 mettre en place, m\u00eame quand tout le monde est convaincu que c&rsquo;est la bonne direction.<br><\/p>\n\n\n\n<p>\u00c0 travers des exemples concrets et accessibles, ils vous donnent des <strong>outils pour <\/strong><a href=\"https:\/\/bubbleplan.net\/blog\/conduite-du-changement-en-entreprise\/\">comprendre les r\u00e9sistances<\/a>, lever les blocages et faire bouger les lignes durablement. Une lecture compl\u00e9mentaire id\u00e9ale pour tout manager ou chef de projet qui souhaite mener une transformation agile avec succ\u00e8s.<\/p>\n\n\n\n<h2 class=\"wp-block-heading\"><span class=\"ez-toc-section\" id=\"les-ouvrages-de-gestion-de-projets-culturels-et-evenementiels\"><\/span>Les ouvrages de gestion de projets culturels et \u00e9v\u00e9nementiels<span class=\"ez-toc-section-end\"><\/span><\/h2>\n\n\n\n<p>Vous \u00eates un <strong>\u00e9tudiant<\/strong> ou un <strong>professionnel<\/strong> <strong>de la<\/strong> <a href=\"https:\/\/bubbleplan.net\/gestion-projet-planning-en-ligne\">gestion de projets<\/a> dans le <strong>secteur de<\/strong> <strong>la culture ou de l\u2019\u00e9v\u00e9nementiel<\/strong>, \u00e0 la recherche d\u2019un ouvrage pour vous accompagner dans vos d\u00e9marches\u00a0? D\u00e9couvrez ci-dessous notre s\u00e9lection.<\/p>\n\n\n\n<h3 class=\"wp-block-heading\"><em>Gestion de projets culturels (09\/09\/2020) Fran\u00e7ois Mairesse <\/em><br><\/h3>\n\n\n<div class=\"wp-block-image\">\n<figure class=\"alignright\"><a href=\"https:\/\/www.fnac.com\/a9832410\/Francois-Mairesse-Gestion-de-projets-culturels-2e-ed-Conception-mise-en-oeuvre-direction\" target=\"_blank\" rel=\"noopener nofollow\"><img decoding=\"async\" src=\"https:\/\/bubbleplan.net\/blog\/wp-content\/uploads\/2021\/11\/Gestion-de-projets-culturels-2e-ed-Conception-mise-en-oeuvre-direction.jpg\" alt=\"Couverture du livre &quot;Gestion de projets culturels&quot;\" class=\"wp-image-4961\" loading=\"lazy\" \/><\/a><\/figure><\/div>\n\n\n<p>Ce livre est \u00e0 destination de tous <strong>les professionnels<\/strong> <strong>de<\/strong> <strong>la<\/strong> <strong>culture<\/strong>. Il sera votre guide pour vous aider \u00e0 organiser <strong>de a \u00e0 z tout projet culture<\/strong>l : la conception d\u2019une exposition temporaire, l\u2019organisation d\u2019un festival, la cr\u00e9ation d\u2019un catalogue \u2026 La gestion de projets culturels r\u00e9pond \u00e0 des <strong>crit\u00e8res<\/strong> qui lui sont <strong>propres<\/strong>. <\/p>\n\n\n\n<p>Cet ouvrage vous pr\u00e9sentera les <strong>diff\u00e9rentes \u00e9tapes \u00e0 suivre<\/strong>. (Comme l\u2019analyse de l\u2019environnement ou l\u2019organisation du temps et des ressources ou bien encore la communication). Pour une meilleure visualisation, le livre propose des exemples et \u00e9tudes de cas concrets, pr\u00e9sent\u00e9s par des professionnels du secteur.<\/p>\n\n\n\n<p>&nbsp;<\/p>\n\n\n\n<p>&nbsp;<\/p>\n\n\n\n<h3 class=\"wp-block-heading\"><em>Management de projets \u00e9v\u00e9nementiels (01\/01\/2015) Philippe Claveau<\/em><br><\/h3>\n\n\n<div class=\"wp-block-image\">\n<figure class=\"alignleft\"><a href=\"https:\/\/www.fnac.com\/a7926567\/Philippe-Claveau-Management-de-projets-evenementiels\" target=\"_blank\" rel=\"noopener nofollow\"><img decoding=\"async\" src=\"https:\/\/bubbleplan.net\/blog\/wp-content\/uploads\/2021\/11\/Management-de-projets-evenementiels.jpg\" alt=\"Couverture du livre &quot;Management de projets \u00e9v\u00e8nementiel&quot; \" class=\"wp-image-4962\" loading=\"lazy\" \/><\/a><\/figure><\/div>\n\n\n<p>Cet ouvrage est plus \u00e0 destination des <strong>\u00e9tudiants<\/strong> ou aux <strong>jeunes actifs du secteur<\/strong>, afin de leur fournir les <strong>r\u00e8gles<\/strong> de base du <strong>marketing \u00e9v\u00e9nementiel<\/strong>. <\/p>\n\n\n\n<p>\u00c0 travers ce dernier, Philippe Claveau explore les diff\u00e9rents aspects \u00e0 prendre en compte dans <strong>l\u2019<a href=\"https:\/\/bubbleplan.net\/blog\/usage-events-shooting-defile-evenementiel\/\">organisation d\u2019un \u00e9v\u00e8nement<\/a><\/strong>&nbsp;: la <strong>planification<\/strong>, les <strong>normes de s\u00e9curit\u00e9<\/strong>, <strong>l\u2019\u00e9laboration de budget pr\u00e9visionnel<\/strong>, <strong>l\u2019organisation logistique<\/strong> ou encore l\u2019organisation de la buvette&nbsp;! Cet ouvrage r\u00e9pondra \u00e0 vos questions et vous accompagnera dans votre d\u00e9marche du d\u00e9but \u00e0 la fin.<\/p>\n\n\n\n<p>&nbsp;<\/p>\n\n\n\n<p>&nbsp;<\/p>\n\n\n\n<p><\/p>\n\n\n\n<p><\/p>\n\n\n\n<h2 class=\"wp-block-heading\"><span class=\"ez-toc-section\" id=\"les-ouvrages-de-gestion-de-projets-web\"><\/span>Les ouvrages de gestion de projets web<span class=\"ez-toc-section-end\"><\/span><\/h2>\n\n\n\n<p>Peu importe votre secteur d\u2019activit\u00e9, vous avez de fortes chances de vous retrouver confronter \u00e0<strong> la gestion d\u2019un projet web<\/strong>. Pour vous accompagner, nous vous avons trouv\u00e9 quelques ouvrages qui pourraient vous aider \u00e0 accomplir votre projet.<\/p>\n\n\n\n<h3 class=\"wp-block-heading\"><em>Gestion d\u2019un projet web (13\/01\/2016) Vincent Hiard<\/em><br><\/h3>\n\n\n<div class=\"wp-block-image\">\n<figure class=\"alignright\"><a href=\"https:\/\/www.fnac.com\/a13401408\/Vincent-Hiard-Gestion-d-un-projet-web\" target=\"_blank\" rel=\"noopener nofollow\"><img decoding=\"async\" src=\"https:\/\/bubbleplan.net\/blog\/wp-content\/uploads\/2021\/11\/Gestion-d-un-projet-web.jpg\" alt=\"Couverture du livre &quot;Gestion d'un projet web&quot;\" class=\"wp-image-4964\" loading=\"lazy\" \/><\/a><\/figure><\/div>\n\n\n<p>Avec son approche fonctionnelle et sa facilit\u00e9 de prise en main, cet ouvrage s\u2019adresse \u00e0 tout public, qu\u2019il soit du secteur ou non ! <\/p>\n\n\n\n<p>Dans ce dernier, vous pouvez y retrouver le rappel des <strong>fondamentaux de la gestion de projets<\/strong> et les outils associ\u00e9s. Vous y retrouvez, bien \u00e9videmment, \u00e9tape par \u00e9tape, les explications d\u00e9taill\u00e9es sur le <strong>cycle de vie d\u2019un projet web<\/strong>. <\/p>\n\n\n\n<p>Tout y est d\u00e9crit pr\u00e9cis\u00e9ment&nbsp;comme&nbsp;: <strong>l\u2019\u00e9tude de faisabilit\u00e9<\/strong>, le<strong> cahier des charges<\/strong>, la <strong>formation des utilisateurs<\/strong> et j\u2019en passe \u2026 Le but premier de ce livre est de rendre <strong>simple et accessible<\/strong> \u00e0 tous, la mise en place de projet web dans une entreprise.<\/p>\n\n\n\n<p>&nbsp;<\/p>\n\n\n\n<p>&nbsp;<\/p>\n\n\n\n<h3 class=\"wp-block-heading\"><em>Manager un projet informatique (02\/03\/2017) Olivier Englender<\/em><br><\/h3>\n\n\n<div class=\"wp-block-image\">\n<figure class=\"alignleft\"><a href=\"https:\/\/www.fnac.com\/a10290235\/Olivier-Englender-Manager-un-projet-informatique\" target=\"_blank\" rel=\"noopener nofollow\"><img decoding=\"async\" src=\"https:\/\/bubbleplan.net\/blog\/wp-content\/uploads\/2021\/11\/Manager-un-projet-informatique.jpg\" alt=\"Couverture du livre &quot;Manager un projet informatique&quot;\" class=\"wp-image-4965\" loading=\"lazy\" \/><\/a><\/figure><\/div>\n\n\n<p>Cet ouvrage est fait pour vous si vous souhaitez approfondir vos connaissances dans le <strong>management d\u2019un projet informatique<\/strong>. <\/p>\n\n\n\n<p>L&rsquo;auteur \u00e9voque, bien s\u00fbr, les <strong>conseils<\/strong>, <strong>m\u00e9thodes<\/strong> <strong>et<\/strong> <strong>outils<\/strong> n\u00e9cessaires \u00e0 l\u2019\u00e9laboration d\u2019un projet informatique. Mais ce qui est int\u00e9ressant de d\u00e9couvrir dans ce livre, ce sont toutes les <strong>d\u00e9marches<\/strong> souvent <strong>peu \u00e9voqu\u00e9es<\/strong> dans les diff\u00e9rents ouvrages traitant le sujet. <\/p>\n\n\n\n<p>On peut notamment y retrouver les sujets suivants&nbsp;: la<strong> sous-traitance<\/strong>, le <strong>droit<\/strong>, la <strong>gestion des connaissances<\/strong> ou encore l\u2019<strong>int\u00e9gration de pro logiciel<\/strong>. Ici, le lecteur est invit\u00e9 \u00e0 se faire sa propre id\u00e9e du <strong>management <\/strong>de <a href=\"https:\/\/bubbleplan.net\/outil-gestion\/projets-informatiques\">projet informatique<\/a> et d\u2019ainsi mettre en place sa m\u00e9thodologie qui lui ait propre.<\/p>\n\n\n\n<p class=\"p3\"><span class=\"s6\"><span class=\"dropcap dropcap3\">N<\/span><\/span>otre s\u00e9rie sur les livres de gestion de projets touche maintenant \u00e0 sa fin. Nous esp\u00e9rons que vous avez r\u00e9ussi \u00e0 trouver votre bonheur parmi cette seconde s\u00e9lection davantage sp\u00e9cialis\u00e9e.<\/p>\n\n\n\n<p>Si vous avez des suggestions de livres \u00e0 nous partager, nous sommes preneurs ! On vous retrouve donc dans l&rsquo;espace Commentaires \ud83d\ude0a<\/p>\n\n\n\n<figure class=\"wp-block-image size-large\"><a href=\"https:\/\/bubbleplan.net\/creer-un-compte-gratuit\"><img decoding=\"async\" width=\"2911\" height=\"1008\" src=\"https:\/\/bubbleplan.net\/blog\/wp-content\/uploads\/2025\/09\/cta-bubble-plan-2911x1008.png\" alt=\"appel \u00e0 l'action pour s'inscrire sur bubble plan\" class=\"wp-image-14853\" srcset=\"https:\/\/bubbleplan.net\/blog\/wp-content\/uploads\/2025\/09\/cta-bubble-plan-2911x1008.png 2911w, https:\/\/bubbleplan.net\/blog\/wp-content\/uploads\/2025\/09\/cta-bubble-plan-528x183.png 528w, https:\/\/bubbleplan.net\/blog\/wp-content\/uploads\/2025\/09\/cta-bubble-plan-768x266.png 768w, https:\/\/bubbleplan.net\/blog\/wp-content\/uploads\/2025\/09\/cta-bubble-plan-1536x532.png 1536w, https:\/\/bubbleplan.net\/blog\/wp-content\/uploads\/2025\/09\/cta-bubble-plan-2048x709.png 2048w, https:\/\/bubbleplan.net\/blog\/wp-content\/uploads\/2025\/09\/cta-bubble-plan-440x152.png 440w, https:\/\/bubbleplan.net\/blog\/wp-content\/uploads\/2025\/09\/cta-bubble-plan-320x111.png 320w, https:\/\/bubbleplan.net\/blog\/wp-content\/uploads\/2025\/09\/cta-bubble-plan-1400x485.png 1400w\" sizes=\"(max-width: 2911px) 100vw, 2911px\" loading=\"lazy\" \/><\/a><\/figure>\n","protected":false},"excerpt":{"rendered":"<p>Vous avez aim\u00e9 notre premi\u00e8re s\u00e9lection sur les fondamentaux de la gestion de projet ? Voici la suite ! Cette fois, on plonge dans des ouvrages plus sp\u00e9cialis\u00e9s, pour aller encore plus loin selon votre domaine : m\u00e9thodes agiles, projets culturels, \u00e9v\u00e9nementiels ou web. De quoi trouver la lecture qui vous correspond vraiment. Les ouvrages&#8230;<\/p>\n","protected":false},"author":8,"featured_media":5009,"comment_status":"open","ping_status":"open","sticky":false,"template":"","format":"standard","meta":{"footnotes":""},"categories":[625],"tags":[52,435,440],"class_list":{"0":"post-4957","1":"post","2":"type-post","3":"status-publish","4":"format-standard","5":"has-post-thumbnail","6":"hentry","7":"category-methodes","8":"tag-gestion-de-projet","9":"tag-livres","10":"tag-specialise","11":"article","12":"","14":"has-excerpt","15":"has-avatar","16":"has-author","17":"has-nickname","18":"has-date","19":"has-comment-count","20":"has-category-meta","21":"has-read-more","22":"has-title","23":"has-post-media","24":"thumbnail-"},"nelio_content":{"isAutoShareEnabled":true,"autoShareEndMode":"never","automationSources":{"useCustomSentences":false,"customSentences":[]},"followers":[2,8,1,14],"suggestedReferences":[],"efiUrl":"","efiAlt":"","highlights":[],"permalinkQueryArgs":[],"series":[]},"yoast_head":"<!-- This site is optimized with the Yoast SEO plugin v26.8 - https:\/\/yoast.com\/product\/yoast-seo-wordpress\/ -->\n<title>Les livres de r\u00e9f\u00e9rence en gestion de projets &#060;<\/title>\n<meta name=\"description\" content=\"Poursuivons notre d\u00e9couverte des livres de r\u00e9f\u00e9rence en gestion de projets, avec des ouvrages davantage sp\u00e9cialis\u00e9s !\" \/>\n<meta name=\"robots\" content=\"index, follow, max-snippet:-1, max-image-preview:large, max-video-preview:-1\" \/>\n<link rel=\"canonical\" href=\"https:\/\/bubbleplan.net\/blog\/livres-reference-gestion-de-projets-2-2\/\" \/>\n<meta property=\"og:locale\" content=\"fr_FR\" \/>\n<meta property=\"og:type\" content=\"article\" \/>\n<meta property=\"og:title\" content=\"Les livres de r\u00e9f\u00e9rence en gestion de projets &#060;\" \/>\n<meta property=\"og:description\" content=\"Poursuivons notre d\u00e9couverte des livres de r\u00e9f\u00e9rence en gestion de projets, avec des ouvrages davantage sp\u00e9cialis\u00e9s !\" \/>\n<meta property=\"og:url\" content=\"https:\/\/bubbleplan.net\/blog\/livres-reference-gestion-de-projets-2-2\/\" \/>\n<meta property=\"og:site_name\" content=\"Bubble Plan : blog de la Gestion de Projet efficace et collaborative\" \/>\n<meta property=\"article:publisher\" content=\"https:\/\/www.facebook.com\/bubbleplan\" \/>\n<meta property=\"article:published_time\" content=\"2026-02-26T15:06:38+00:00\" \/>\n<meta property=\"article:modified_time\" content=\"2026-02-26T15:10:16+00:00\" \/>\n<meta property=\"og:image\" content=\"https:\/\/bubbleplan.net\/blog\/wp-content\/uploads\/2021\/11\/illus-livre-gestion-de-projet-2.png\" \/>\n\t<meta property=\"og:image:width\" content=\"401\" \/>\n\t<meta property=\"og:image:height\" content=\"251\" \/>\n\t<meta property=\"og:image:type\" content=\"image\/png\" \/>\n<meta name=\"author\" content=\"Orlane\" \/>\n<meta name=\"twitter:card\" content=\"summary_large_image\" \/>\n<meta name=\"twitter:creator\" content=\"@BubblePlan\" \/>\n<meta name=\"twitter:site\" content=\"@BubblePlan\" \/>\n<meta name=\"twitter:label1\" content=\"\u00c9crit par\" \/>\n\t<meta name=\"twitter:data1\" content=\"Orlane\" \/>\n\t<meta name=\"twitter:label2\" content=\"Dur\u00e9e de lecture estim\u00e9e\" \/>\n\t<meta name=\"twitter:data2\" content=\"8 minutes\" \/>\n<script type=\"application\/ld+json\" class=\"yoast-schema-graph\">{\"@context\":\"https:\/\/schema.org\",\"@graph\":[{\"@type\":\"Article\",\"@id\":\"https:\/\/bubbleplan.net\/blog\/livres-reference-gestion-de-projets-2-2\/#article\",\"isPartOf\":{\"@id\":\"https:\/\/bubbleplan.net\/blog\/livres-reference-gestion-de-projets-2-2\/\"},\"author\":{\"name\":\"Orlane\",\"@id\":\"https:\/\/bubbleplan.net\/blog\/#\/schema\/person\/eac05c9312cf19b6d33d8e14ece0d299\"},\"headline\":\"Les livres de r\u00e9f\u00e9rence en gestion de projets\",\"datePublished\":\"2026-02-26T15:06:38+00:00\",\"dateModified\":\"2026-02-26T15:10:16+00:00\",\"mainEntityOfPage\":{\"@id\":\"https:\/\/bubbleplan.net\/blog\/livres-reference-gestion-de-projets-2-2\/\"},\"wordCount\":1204,\"commentCount\":0,\"publisher\":{\"@id\":\"https:\/\/bubbleplan.net\/blog\/#organization\"},\"image\":{\"@id\":\"https:\/\/bubbleplan.net\/blog\/livres-reference-gestion-de-projets-2-2\/#primaryimage\"},\"thumbnailUrl\":\"https:\/\/bubbleplan.net\/blog\/wp-content\/uploads\/2021\/11\/illus-livre-gestion-de-projet-2.png\",\"keywords\":[\"gestion de projet\",\"livres\",\"sp\u00e9cialis\u00e9\"],\"articleSection\":[\"M\u00e9thodes\"],\"inLanguage\":\"fr-FR\",\"potentialAction\":[{\"@type\":\"CommentAction\",\"name\":\"Comment\",\"target\":[\"https:\/\/bubbleplan.net\/blog\/livres-reference-gestion-de-projets-2-2\/#respond\"]}]},{\"@type\":\"WebPage\",\"@id\":\"https:\/\/bubbleplan.net\/blog\/livres-reference-gestion-de-projets-2-2\/\",\"url\":\"https:\/\/bubbleplan.net\/blog\/livres-reference-gestion-de-projets-2-2\/\",\"name\":\"Les livres de r\u00e9f\u00e9rence en gestion de projets &#060;\",\"isPartOf\":{\"@id\":\"https:\/\/bubbleplan.net\/blog\/#website\"},\"primaryImageOfPage\":{\"@id\":\"https:\/\/bubbleplan.net\/blog\/livres-reference-gestion-de-projets-2-2\/#primaryimage\"},\"image\":{\"@id\":\"https:\/\/bubbleplan.net\/blog\/livres-reference-gestion-de-projets-2-2\/#primaryimage\"},\"thumbnailUrl\":\"https:\/\/bubbleplan.net\/blog\/wp-content\/uploads\/2021\/11\/illus-livre-gestion-de-projet-2.png\",\"datePublished\":\"2026-02-26T15:06:38+00:00\",\"dateModified\":\"2026-02-26T15:10:16+00:00\",\"description\":\"Poursuivons notre d\u00e9couverte des livres de r\u00e9f\u00e9rence en gestion de projets, avec des ouvrages davantage sp\u00e9cialis\u00e9s !\",\"breadcrumb\":{\"@id\":\"https:\/\/bubbleplan.net\/blog\/livres-reference-gestion-de-projets-2-2\/#breadcrumb\"},\"inLanguage\":\"fr-FR\",\"potentialAction\":[{\"@type\":\"ReadAction\",\"target\":[\"https:\/\/bubbleplan.net\/blog\/livres-reference-gestion-de-projets-2-2\/\"]}]},{\"@type\":\"ImageObject\",\"inLanguage\":\"fr-FR\",\"@id\":\"https:\/\/bubbleplan.net\/blog\/livres-reference-gestion-de-projets-2-2\/#primaryimage\",\"url\":\"https:\/\/bubbleplan.net\/blog\/wp-content\/uploads\/2021\/11\/illus-livre-gestion-de-projet-2.png\",\"contentUrl\":\"https:\/\/bubbleplan.net\/blog\/wp-content\/uploads\/2021\/11\/illus-livre-gestion-de-projet-2.png\",\"width\":401,\"height\":251,\"caption\":\"illustration livre de la gestion de projet\"},{\"@type\":\"BreadcrumbList\",\"@id\":\"https:\/\/bubbleplan.net\/blog\/livres-reference-gestion-de-projets-2-2\/#breadcrumb\",\"itemListElement\":[{\"@type\":\"ListItem\",\"position\":1,\"name\":\"Blog\",\"item\":\"https:\/\/bubbleplan.net\/blog\/\"},{\"@type\":\"ListItem\",\"position\":2,\"name\":\"M\u00e9thodes\",\"item\":\"https:\/\/bubbleplan.net\/blog\/category\/methodes\/\"},{\"@type\":\"ListItem\",\"position\":3,\"name\":\"Les livres de r\u00e9f\u00e9rence en gestion de projets\"}]},{\"@type\":\"WebSite\",\"@id\":\"https:\/\/bubbleplan.net\/blog\/#website\",\"url\":\"https:\/\/bubbleplan.net\/blog\/\",\"name\":\"Bubble Plan : blog de la Gestion de Projet efficace et collaborative\",\"description\":\"Toute l&#039;actualit\u00e9 de la gestion de projet et du collaboratif, avec Bubble Plan\",\"publisher\":{\"@id\":\"https:\/\/bubbleplan.net\/blog\/#organization\"},\"potentialAction\":[{\"@type\":\"SearchAction\",\"target\":{\"@type\":\"EntryPoint\",\"urlTemplate\":\"https:\/\/bubbleplan.net\/blog\/?s={search_term_string}\"},\"query-input\":{\"@type\":\"PropertyValueSpecification\",\"valueRequired\":true,\"valueName\":\"search_term_string\"}}],\"inLanguage\":\"fr-FR\"},{\"@type\":\"Organization\",\"@id\":\"https:\/\/bubbleplan.net\/blog\/#organization\",\"name\":\"Bubble Plan\",\"url\":\"https:\/\/bubbleplan.net\/blog\/\",\"logo\":{\"@type\":\"ImageObject\",\"inLanguage\":\"fr-FR\",\"@id\":\"https:\/\/bubbleplan.net\/blog\/#\/schema\/logo\/image\/\",\"url\":\"https:\/\/bubbleplan.net\/blog\/wp-content\/uploads\/2024\/07\/logo-leblog-vf-01-336.png\",\"contentUrl\":\"https:\/\/bubbleplan.net\/blog\/wp-content\/uploads\/2024\/07\/logo-leblog-vf-01-336.png\",\"width\":672,\"height\":62,\"caption\":\"Bubble Plan\"},\"image\":{\"@id\":\"https:\/\/bubbleplan.net\/blog\/#\/schema\/logo\/image\/\"},\"sameAs\":[\"https:\/\/www.facebook.com\/bubbleplan\",\"https:\/\/x.com\/BubblePlan\",\"https:\/\/www.linkedin.com\/company\/bubbleplan\",\"https:\/\/www.youtube.com\/channel\/UCDb4feDzsa4fCd_vR5HZJgg\"]},{\"@type\":\"Person\",\"@id\":\"https:\/\/bubbleplan.net\/blog\/#\/schema\/person\/eac05c9312cf19b6d33d8e14ece0d299\",\"name\":\"Orlane\",\"image\":{\"@type\":\"ImageObject\",\"inLanguage\":\"fr-FR\",\"@id\":\"https:\/\/bubbleplan.net\/blog\/#\/schema\/person\/image\/\",\"url\":\"https:\/\/secure.gravatar.com\/avatar\/3e39c33800b67abec8623977a629e89d?s=96&d=mm&r=g\",\"contentUrl\":\"https:\/\/secure.gravatar.com\/avatar\/3e39c33800b67abec8623977a629e89d?s=96&d=mm&r=g\",\"caption\":\"Orlane\"},\"description\":\"Orlane navigue entre communication et \u00e9v\u00e9nementiel, et apporte sur le blog un regard \u00e0 la fois engag\u00e9 et sensible. Elle aime d\u00e9cortiquer les coulisses des projets, poser les bonnes questions, et proposer des r\u00e9flexions vivantes, o\u00f9 l\u2019humain et le sens sont toujours au c\u0153ur.\",\"url\":\"https:\/\/bubbleplan.net\/blog\/author\/orlane\/\"}]}<\/script>\n<!-- \/ Yoast SEO plugin. -->","yoast_head_json":{"title":"Les livres de r\u00e9f\u00e9rence en gestion de projets &#060;","description":"Poursuivons notre d\u00e9couverte des livres de r\u00e9f\u00e9rence en gestion de projets, avec des ouvrages davantage sp\u00e9cialis\u00e9s !","robots":{"index":"index","follow":"follow","max-snippet":"max-snippet:-1","max-image-preview":"max-image-preview:large","max-video-preview":"max-video-preview:-1"},"canonical":"https:\/\/bubbleplan.net\/blog\/livres-reference-gestion-de-projets-2-2\/","og_locale":"fr_FR","og_type":"article","og_title":"Les livres de r\u00e9f\u00e9rence en gestion de projets &#060;","og_description":"Poursuivons notre d\u00e9couverte des livres de r\u00e9f\u00e9rence en gestion de projets, avec des ouvrages davantage sp\u00e9cialis\u00e9s !","og_url":"https:\/\/bubbleplan.net\/blog\/livres-reference-gestion-de-projets-2-2\/","og_site_name":"Bubble Plan : blog de la Gestion de Projet efficace et collaborative","article_publisher":"https:\/\/www.facebook.com\/bubbleplan","article_published_time":"2026-02-26T15:06:38+00:00","article_modified_time":"2026-02-26T15:10:16+00:00","og_image":[{"width":401,"height":251,"url":"https:\/\/bubbleplan.net\/blog\/wp-content\/uploads\/2021\/11\/illus-livre-gestion-de-projet-2.png","type":"image\/png"}],"author":"Orlane","twitter_card":"summary_large_image","twitter_creator":"@BubblePlan","twitter_site":"@BubblePlan","twitter_misc":{"\u00c9crit par":"Orlane","Dur\u00e9e de lecture estim\u00e9e":"8 minutes"},"schema":{"@context":"https:\/\/schema.org","@graph":[{"@type":"Article","@id":"https:\/\/bubbleplan.net\/blog\/livres-reference-gestion-de-projets-2-2\/#article","isPartOf":{"@id":"https:\/\/bubbleplan.net\/blog\/livres-reference-gestion-de-projets-2-2\/"},"author":{"name":"Orlane","@id":"https:\/\/bubbleplan.net\/blog\/#\/schema\/person\/eac05c9312cf19b6d33d8e14ece0d299"},"headline":"Les livres de r\u00e9f\u00e9rence en gestion de projets","datePublished":"2026-02-26T15:06:38+00:00","dateModified":"2026-02-26T15:10:16+00:00","mainEntityOfPage":{"@id":"https:\/\/bubbleplan.net\/blog\/livres-reference-gestion-de-projets-2-2\/"},"wordCount":1204,"commentCount":0,"publisher":{"@id":"https:\/\/bubbleplan.net\/blog\/#organization"},"image":{"@id":"https:\/\/bubbleplan.net\/blog\/livres-reference-gestion-de-projets-2-2\/#primaryimage"},"thumbnailUrl":"https:\/\/bubbleplan.net\/blog\/wp-content\/uploads\/2021\/11\/illus-livre-gestion-de-projet-2.png","keywords":["gestion de projet","livres","sp\u00e9cialis\u00e9"],"articleSection":["M\u00e9thodes"],"inLanguage":"fr-FR","potentialAction":[{"@type":"CommentAction","name":"Comment","target":["https:\/\/bubbleplan.net\/blog\/livres-reference-gestion-de-projets-2-2\/#respond"]}]},{"@type":"WebPage","@id":"https:\/\/bubbleplan.net\/blog\/livres-reference-gestion-de-projets-2-2\/","url":"https:\/\/bubbleplan.net\/blog\/livres-reference-gestion-de-projets-2-2\/","name":"Les livres de r\u00e9f\u00e9rence en gestion de projets &#060;","isPartOf":{"@id":"https:\/\/bubbleplan.net\/blog\/#website"},"primaryImageOfPage":{"@id":"https:\/\/bubbleplan.net\/blog\/livres-reference-gestion-de-projets-2-2\/#primaryimage"},"image":{"@id":"https:\/\/bubbleplan.net\/blog\/livres-reference-gestion-de-projets-2-2\/#primaryimage"},"thumbnailUrl":"https:\/\/bubbleplan.net\/blog\/wp-content\/uploads\/2021\/11\/illus-livre-gestion-de-projet-2.png","datePublished":"2026-02-26T15:06:38+00:00","dateModified":"2026-02-26T15:10:16+00:00","description":"Poursuivons notre d\u00e9couverte des livres de r\u00e9f\u00e9rence en gestion de projets, avec des ouvrages davantage sp\u00e9cialis\u00e9s !","breadcrumb":{"@id":"https:\/\/bubbleplan.net\/blog\/livres-reference-gestion-de-projets-2-2\/#breadcrumb"},"inLanguage":"fr-FR","potentialAction":[{"@type":"ReadAction","target":["https:\/\/bubbleplan.net\/blog\/livres-reference-gestion-de-projets-2-2\/"]}]},{"@type":"ImageObject","inLanguage":"fr-FR","@id":"https:\/\/bubbleplan.net\/blog\/livres-reference-gestion-de-projets-2-2\/#primaryimage","url":"https:\/\/bubbleplan.net\/blog\/wp-content\/uploads\/2021\/11\/illus-livre-gestion-de-projet-2.png","contentUrl":"https:\/\/bubbleplan.net\/blog\/wp-content\/uploads\/2021\/11\/illus-livre-gestion-de-projet-2.png","width":401,"height":251,"caption":"illustration livre de la gestion de projet"},{"@type":"BreadcrumbList","@id":"https:\/\/bubbleplan.net\/blog\/livres-reference-gestion-de-projets-2-2\/#breadcrumb","itemListElement":[{"@type":"ListItem","position":1,"name":"Blog","item":"https:\/\/bubbleplan.net\/blog\/"},{"@type":"ListItem","position":2,"name":"M\u00e9thodes","item":"https:\/\/bubbleplan.net\/blog\/category\/methodes\/"},{"@type":"ListItem","position":3,"name":"Les livres de r\u00e9f\u00e9rence en gestion de projets"}]},{"@type":"WebSite","@id":"https:\/\/bubbleplan.net\/blog\/#website","url":"https:\/\/bubbleplan.net\/blog\/","name":"Bubble Plan : blog de la Gestion de Projet efficace et collaborative","description":"Toute l&#039;actualit\u00e9 de la gestion de projet et du collaboratif, avec Bubble Plan","publisher":{"@id":"https:\/\/bubbleplan.net\/blog\/#organization"},"potentialAction":[{"@type":"SearchAction","target":{"@type":"EntryPoint","urlTemplate":"https:\/\/bubbleplan.net\/blog\/?s={search_term_string}"},"query-input":{"@type":"PropertyValueSpecification","valueRequired":true,"valueName":"search_term_string"}}],"inLanguage":"fr-FR"},{"@type":"Organization","@id":"https:\/\/bubbleplan.net\/blog\/#organization","name":"Bubble Plan","url":"https:\/\/bubbleplan.net\/blog\/","logo":{"@type":"ImageObject","inLanguage":"fr-FR","@id":"https:\/\/bubbleplan.net\/blog\/#\/schema\/logo\/image\/","url":"https:\/\/bubbleplan.net\/blog\/wp-content\/uploads\/2024\/07\/logo-leblog-vf-01-336.png","contentUrl":"https:\/\/bubbleplan.net\/blog\/wp-content\/uploads\/2024\/07\/logo-leblog-vf-01-336.png","width":672,"height":62,"caption":"Bubble Plan"},"image":{"@id":"https:\/\/bubbleplan.net\/blog\/#\/schema\/logo\/image\/"},"sameAs":["https:\/\/www.facebook.com\/bubbleplan","https:\/\/x.com\/BubblePlan","https:\/\/www.linkedin.com\/company\/bubbleplan","https:\/\/www.youtube.com\/channel\/UCDb4feDzsa4fCd_vR5HZJgg"]},{"@type":"Person","@id":"https:\/\/bubbleplan.net\/blog\/#\/schema\/person\/eac05c9312cf19b6d33d8e14ece0d299","name":"Orlane","image":{"@type":"ImageObject","inLanguage":"fr-FR","@id":"https:\/\/bubbleplan.net\/blog\/#\/schema\/person\/image\/","url":"https:\/\/secure.gravatar.com\/avatar\/3e39c33800b67abec8623977a629e89d?s=96&d=mm&r=g","contentUrl":"https:\/\/secure.gravatar.com\/avatar\/3e39c33800b67abec8623977a629e89d?s=96&d=mm&r=g","caption":"Orlane"},"description":"Orlane navigue entre communication et \u00e9v\u00e9nementiel, et apporte sur le blog un regard \u00e0 la fois engag\u00e9 et sensible. Elle aime d\u00e9cortiquer les coulisses des projets, poser les bonnes questions, et proposer des r\u00e9flexions vivantes, o\u00f9 l\u2019humain et le sens sont toujours au c\u0153ur.","url":"https:\/\/bubbleplan.net\/blog\/author\/orlane\/"}]}},"_links":{"self":[{"href":"https:\/\/bubbleplan.net\/blog\/wp-json\/wp\/v2\/posts\/4957","targetHints":{"allow":["GET"]}}],"collection":[{"href":"https:\/\/bubbleplan.net\/blog\/wp-json\/wp\/v2\/posts"}],"about":[{"href":"https:\/\/bubbleplan.net\/blog\/wp-json\/wp\/v2\/types\/post"}],"author":[{"embeddable":true,"href":"https:\/\/bubbleplan.net\/blog\/wp-json\/wp\/v2\/users\/8"}],"replies":[{"embeddable":true,"href":"https:\/\/bubbleplan.net\/blog\/wp-json\/wp\/v2\/comments?post=4957"}],"version-history":[{"count":19,"href":"https:\/\/bubbleplan.net\/blog\/wp-json\/wp\/v2\/posts\/4957\/revisions"}],"predecessor-version":[{"id":15963,"href":"https:\/\/bubbleplan.net\/blog\/wp-json\/wp\/v2\/posts\/4957\/revisions\/15963"}],"wp:featuredmedia":[{"embeddable":true,"href":"https:\/\/bubbleplan.net\/blog\/wp-json\/wp\/v2\/media\/5009"}],"wp:attachment":[{"href":"https:\/\/bubbleplan.net\/blog\/wp-json\/wp\/v2\/media?parent=4957"}],"wp:term":[{"taxonomy":"category","embeddable":true,"href":"https:\/\/bubbleplan.net\/blog\/wp-json\/wp\/v2\/categories?post=4957"},{"taxonomy":"post_tag","embeddable":true,"href":"https:\/\/bubbleplan.net\/blog\/wp-json\/wp\/v2\/tags?post=4957"}],"curies":[{"name":"wp","href":"https:\/\/api.w.org\/{rel}","templated":true}]}}