{"id":5206,"date":"2026-03-12T17:21:32","date_gmt":"2026-03-12T16:21:32","guid":{"rendered":"https:\/\/bubbleplan.net\/blog\/?p=5206"},"modified":"2026-03-12T17:21:33","modified_gmt":"2026-03-12T16:21:33","slug":"l-organisation-des-professionnels-du-droit-avec-un-outil-de-planification","status":"publish","type":"post","link":"https:\/\/bubbleplan.net\/blog\/l-organisation-des-professionnels-du-droit-avec-un-outil-de-planification\/","title":{"rendered":"L\u2019organisation des professionnels du droit, avec un outil de planification"},"content":{"rendered":"\n\n<div class=\"kk-star-ratings kksr-auto kksr-align-left kksr-valign-top\"\n    data-payload='{&quot;align&quot;:&quot;left&quot;,&quot;id&quot;:&quot;5206&quot;,&quot;slug&quot;:&quot;default&quot;,&quot;valign&quot;:&quot;top&quot;,&quot;ignore&quot;:&quot;&quot;,&quot;reference&quot;:&quot;auto&quot;,&quot;class&quot;:&quot;&quot;,&quot;count&quot;:&quot;3&quot;,&quot;legendonly&quot;:&quot;&quot;,&quot;readonly&quot;:&quot;&quot;,&quot;score&quot;:&quot;5&quot;,&quot;starsonly&quot;:&quot;&quot;,&quot;best&quot;:&quot;5&quot;,&quot;gap&quot;:&quot;0&quot;,&quot;greet&quot;:&quot;Votre avis est essentiel !&quot;,&quot;legend&quot;:&quot;5\\\/5 - (3 votes)&quot;,&quot;size&quot;:&quot;20&quot;,&quot;title&quot;:&quot;L\u2019organisation des professionnels du droit, avec un outil de planification&quot;,&quot;width&quot;:&quot;100&quot;,&quot;_legend&quot;:&quot;{score}\\\/{best} - ({count} {votes})&quot;,&quot;font_factor&quot;:&quot;1.25&quot;}'>\n            \n<div class=\"kksr-stars\">\n    \n<div class=\"kksr-stars-inactive\">\n            <div class=\"kksr-star\" data-star=\"1\" style=\"padding-right: 0px\">\n            \n\n<div class=\"kksr-icon\" style=\"width: 20px; height: 20px;\"><\/div>\n        <\/div>\n            <div class=\"kksr-star\" data-star=\"2\" style=\"padding-right: 0px\">\n            \n\n<div class=\"kksr-icon\" style=\"width: 20px; height: 20px;\"><\/div>\n        <\/div>\n            <div class=\"kksr-star\" data-star=\"3\" style=\"padding-right: 0px\">\n            \n\n<div class=\"kksr-icon\" style=\"width: 20px; height: 20px;\"><\/div>\n        <\/div>\n            <div class=\"kksr-star\" data-star=\"4\" style=\"padding-right: 0px\">\n            \n\n<div class=\"kksr-icon\" style=\"width: 20px; height: 20px;\"><\/div>\n        <\/div>\n            <div class=\"kksr-star\" data-star=\"5\" style=\"padding-right: 0px\">\n            \n\n<div class=\"kksr-icon\" style=\"width: 20px; height: 20px;\"><\/div>\n        <\/div>\n    <\/div>\n    \n<div class=\"kksr-stars-active\" style=\"width: 100px;\">\n            <div class=\"kksr-star\" style=\"padding-right: 0px\">\n            \n\n<div class=\"kksr-icon\" style=\"width: 20px; height: 20px;\"><\/div>\n        <\/div>\n            <div class=\"kksr-star\" style=\"padding-right: 0px\">\n            \n\n<div class=\"kksr-icon\" style=\"width: 20px; height: 20px;\"><\/div>\n        <\/div>\n            <div class=\"kksr-star\" style=\"padding-right: 0px\">\n            \n\n<div class=\"kksr-icon\" style=\"width: 20px; height: 20px;\"><\/div>\n        <\/div>\n            <div class=\"kksr-star\" style=\"padding-right: 0px\">\n            \n\n<div class=\"kksr-icon\" style=\"width: 20px; height: 20px;\"><\/div>\n        <\/div>\n            <div class=\"kksr-star\" style=\"padding-right: 0px\">\n            \n\n<div class=\"kksr-icon\" style=\"width: 20px; height: 20px;\"><\/div>\n        <\/div>\n    <\/div>\n<\/div>\n                \n\n<div class=\"kksr-legend\" style=\"font-size: 16px;\">\n            5\/5 - (3 votes)    <\/div>\n    <\/div>\n\n<p>Cabinets d&rsquo;avocats, notaires, juristes en entreprise, associations\u2026 Les <strong>professionnels du droit<\/strong> sont nombreux \u00e0 utiliser Bubble Plan pour structurer leur quotidien, piloter leurs dossiers et communiquer avec leurs clients.<br><br>Un secteur aux contraintes bien sp\u00e9cifiques : donn\u00e9es sensibles, proc\u00e9dures strictes, volume important de dossiers \u00e0 suivre en parall\u00e8le. Voici comment Bubble Plan r\u00e9pond \u00e0 ces besoins.<\/p>\n\n\n\n<div class=\"wp-block-group bbp-block-resume\"><div class=\"wp-block-group__inner-container is-layout-constrained wp-block-group-is-layout-constrained\">\n<p><strong>Ce qu\u2019il faut retenir<\/strong><\/p>\n\n\n\n<ul class=\"wp-block-list\">\n<li>Bubble Plan permet aux <strong>professionnels du droit <\/strong>(avocats, notaires, juristes) de structurer et suivre leurs dossiers au quotidien.<\/li>\n\n\n\n<li><strong>L\u2019outil centralise<\/strong> documents, \u00e9ch\u00e9ances et informations sensibles tout en garantissant confidentialit\u00e9 et contr\u00f4le des acc\u00e8s.<\/li>\n\n\n\n<li>La planification visuelle et personnalisable facilite la <strong>gestion des priorit\u00e9s<\/strong> et l\u2019avancement des affaires.<\/li>\n\n\n\n<li>Collaboration simplifi\u00e9e entre \u00e9quipes et avec les clients, m\u00eame pour les profils <strong>peu familiers des outils collaboratifs<\/strong>.<\/li>\n\n\n\n<li>Bubble Plan s\u2019adapte aux <strong>contraintes sp\u00e9cifiques du secteur juridique<\/strong> et aide \u00e0 gagner en organisation et efficacit\u00e9.<\/li>\n<\/ul>\n<\/div><\/div>\n\n\n\n<div id=\"ez-toc-container\" class=\"ez-toc-v2_0_71 ez-toc-wrap-center counter-hierarchy ez-toc-counter ez-toc-transparent ez-toc-container-direction\">\n<div class=\"ez-toc-title-container\">\n<span class=\"ez-toc-title\" style=\"cursor:inherit\">SOMMAIRE<\/span>\n<span class=\"ez-toc-title-toggle\"><a href=\"#\" class=\"ez-toc-pull-right ez-toc-btn ez-toc-btn-xs ez-toc-btn-default ez-toc-toggle\" aria-label=\"Toggle Table of Content\"><span class=\"ez-toc-js-icon-con\"><span class=\"\"><span class=\"eztoc-hide\" style=\"display:none;\">Toggle<\/span><span class=\"ez-toc-icon-toggle-span\"><svg style=\"fill: #999;color:#999\" xmlns=\"http:\/\/www.w3.org\/2000\/svg\" class=\"list-377408\" width=\"20px\" height=\"20px\" viewBox=\"0 0 24 24\" fill=\"none\"><path d=\"M6 6H4v2h2V6zm14 0H8v2h12V6zM4 11h2v2H4v-2zm16 0H8v2h12v-2zM4 16h2v2H4v-2zm16 0H8v2h12v-2z\" fill=\"currentColor\"><\/path><\/svg><svg style=\"fill: #999;color:#999\" class=\"arrow-unsorted-368013\" xmlns=\"http:\/\/www.w3.org\/2000\/svg\" width=\"10px\" height=\"10px\" viewBox=\"0 0 24 24\" version=\"1.2\" baseProfile=\"tiny\"><path d=\"M18.2 9.3l-6.2-6.3-6.2 6.3c-.2.2-.3.4-.3.7s.1.5.3.7c.2.2.4.3.7.3h11c.3 0 .5-.1.7-.3.2-.2.3-.5.3-.7s-.1-.5-.3-.7zM5.8 14.7l6.2 6.3 6.2-6.3c.2-.2.3-.5.3-.7s-.1-.5-.3-.7c-.2-.2-.4-.3-.7-.3h-11c-.3 0-.5.1-.7.3-.2.2-.3.5-.3.7s.1.5.3.7z\"\/><\/svg><\/span><\/span><\/span><\/a><\/span><\/div>\n<nav><ul class='ez-toc-list ez-toc-list-level-1 ' ><li class='ez-toc-page-1 ez-toc-heading-level-2'><a class=\"ez-toc-link ez-toc-heading-1\" href=\"https:\/\/bubbleplan.net\/blog\/l-organisation-des-professionnels-du-droit-avec-un-outil-de-planification\/#organisation-et-suivi-les-besoins-des-professionnels-du-droit\" title=\"Organisation et suivi : les besoins des professionnels du droit\">Organisation et suivi : les besoins des professionnels du droit<\/a><\/li><li class='ez-toc-page-1 ez-toc-heading-level-2'><a class=\"ez-toc-link ez-toc-heading-2\" href=\"https:\/\/bubbleplan.net\/blog\/l-organisation-des-professionnels-du-droit-avec-un-outil-de-planification\/#suivre-chaque-dossier-de-bout-en-bout\" title=\"Suivre chaque dossier de bout en bout\">Suivre chaque dossier de bout en bout<\/a><\/li><li class='ez-toc-page-1 ez-toc-heading-level-2'><a class=\"ez-toc-link ez-toc-heading-3\" href=\"https:\/\/bubbleplan.net\/blog\/l-organisation-des-professionnels-du-droit-avec-un-outil-de-planification\/#des-fonctionnalites-cles-pour-les-professionnels-du-droit\" title=\"Des fonctionnalit\u00e9s cl\u00e9s pour les professionnels du droit\">Des fonctionnalit\u00e9s cl\u00e9s pour les professionnels du droit<\/a><\/li><li class='ez-toc-page-1 ez-toc-heading-level-2'><a class=\"ez-toc-link ez-toc-heading-4\" href=\"https:\/\/bubbleplan.net\/blog\/l-organisation-des-professionnels-du-droit-avec-un-outil-de-planification\/#%e2%9c%94%ef%b8%8f-simplifier-lorganisation-des-professionnels-du-droit\" title=\"\u2714\ufe0f Simplifier l&rsquo;organisation des professionnels du droit\">\u2714\ufe0f Simplifier l&rsquo;organisation des professionnels du droit<\/a><\/li><\/ul><\/nav><\/div>\n<h2 class=\"wp-block-heading\"><span class=\"ez-toc-section\" id=\"organisation-et-suivi-les-besoins-des-professionnels-du-droit\"><\/span><strong>Organisat<\/strong>ion et suivi : les besoins des professionnels du droit<span class=\"ez-toc-section-end\"><\/span><\/h2>\n\n\n\n<p>Les professionnels du droit ne travaillent pas toujours en mode projet. Pourtant, ils font face \u00e0 des <strong>logiques d&rsquo;organisation<\/strong> et de <strong>suivi d&rsquo;activit\u00e9<\/strong> qui demandent un outil structurant.<br><br>Gestion des dossiers clients, orchestration d&rsquo;un volume important d&rsquo;affaires, besoins de croissance et de strat\u00e9gie : Bubble Plan s&rsquo;adapte \u00e0 ces r\u00e9alit\u00e9s, m\u00eame pour des profils peu habitu\u00e9s aux <a href=\"https:\/\/bubbleplan.net\/gestion-projet-planning-en-ligne\">outils collaboratifs<\/a>.<br><br>Avocats, notaires, juristes en entreprise ou en douanes : tous y trouvent un cadre simple pour suivre leur activit\u00e9 au quotidien.<\/p>\n\n\n\n<figure class=\"wp-block-image size-large\"><a href=\"https:\/\/bubbleplan.net\/creer-un-compte-gratuit\"><img decoding=\"async\" width=\"2911\" height=\"1008\" src=\"https:\/\/bubbleplan.net\/blog\/wp-content\/uploads\/2025\/09\/cta-bubble-plan-2911x1008.png\" alt=\"appel \u00e0 l'action pour s'inscrire sur bubble plan\" class=\"wp-image-14853\" srcset=\"https:\/\/bubbleplan.net\/blog\/wp-content\/uploads\/2025\/09\/cta-bubble-plan-2911x1008.png 2911w, https:\/\/bubbleplan.net\/blog\/wp-content\/uploads\/2025\/09\/cta-bubble-plan-528x183.png 528w, https:\/\/bubbleplan.net\/blog\/wp-content\/uploads\/2025\/09\/cta-bubble-plan-768x266.png 768w, https:\/\/bubbleplan.net\/blog\/wp-content\/uploads\/2025\/09\/cta-bubble-plan-1536x532.png 1536w, https:\/\/bubbleplan.net\/blog\/wp-content\/uploads\/2025\/09\/cta-bubble-plan-2048x709.png 2048w, https:\/\/bubbleplan.net\/blog\/wp-content\/uploads\/2025\/09\/cta-bubble-plan-440x152.png 440w, https:\/\/bubbleplan.net\/blog\/wp-content\/uploads\/2025\/09\/cta-bubble-plan-320x111.png 320w, https:\/\/bubbleplan.net\/blog\/wp-content\/uploads\/2025\/09\/cta-bubble-plan-1400x485.png 1400w\" sizes=\"(max-width: 2911px) 100vw, 2911px\" loading=\"lazy\" \/><\/a><\/figure>\n\n\n\n<h3 class=\"wp-block-heading\"><strong>Sensibilit\u00e9 des donn\u00e9es : un point crucial pour les professionnels du droit<\/strong><\/h3>\n\n\n\n<p>Dans le secteur du droit, la <strong>confidentialit\u00e9 des informations<\/strong> n&rsquo;est pas n\u00e9gociable. <br><br>Bubble Plan est une soci\u00e9t\u00e9 fran\u00e7aise ind\u00e9pendante, avec un <a href=\"https:\/\/bubbleplan.net\/securite-donnees\">h\u00e9bergement des donn\u00e9es en France<\/a>, une conformit\u00e9 RGPD et une garantie de maintien du service.<br><br>Des <strong>crit\u00e8res concrets<\/strong> pour des professionnels dont les donn\u00e9es sont par nature sensibles et confidentielles.<\/p>\n\n\n\n<h2 class=\"wp-block-heading\"><span class=\"ez-toc-section\" id=\"suivre-chaque-dossier-de-bout-en-bout\"><\/span><strong>Suivre chaque dossier de bout en bout<\/strong><span class=\"ez-toc-section-end\"><\/span><\/h2>\n\n\n<div class=\"wp-block-image\">\n<figure class=\"alignright is-resized\"><img decoding=\"async\" width=\"1920\" height=\"1113\" src=\"https:\/\/bubbleplan.net\/blog\/wp-content\/uploads\/2022\/01\/portable-sur-tableWEB.jpg\" alt=\"Illustration de la planification pour les professionnels du droit\" class=\"wp-image-5217\" style=\"width:336px;height:auto\" title=\"Illustration de la planification pour les professionnels du droit\" srcset=\"https:\/\/bubbleplan.net\/blog\/wp-content\/uploads\/2022\/01\/portable-sur-tableWEB.jpg 1920w, https:\/\/bubbleplan.net\/blog\/wp-content\/uploads\/2022\/01\/portable-sur-tableWEB-300x174.jpg 300w, https:\/\/bubbleplan.net\/blog\/wp-content\/uploads\/2022\/01\/portable-sur-tableWEB-1024x594.jpg 1024w, https:\/\/bubbleplan.net\/blog\/wp-content\/uploads\/2022\/01\/portable-sur-tableWEB-768x445.jpg 768w, https:\/\/bubbleplan.net\/blog\/wp-content\/uploads\/2022\/01\/portable-sur-tableWEB-1536x890.jpg 1536w, https:\/\/bubbleplan.net\/blog\/wp-content\/uploads\/2022\/01\/portable-sur-tableWEB-640x371.jpg 640w\" sizes=\"(max-width: 1920px) 100vw, 1920px\" loading=\"lazy\" \/><\/figure><\/div>\n\n\n<p>Affaires immobili\u00e8res, proc\u00e9dures judiciaires, suivis fiscaux : chaque dossier a ses propres \u00e9tapes, ses d\u00e9lais et ses documents. Bubble Plan permet de <a href=\"https:\/\/bubbleplan.net\/outil-collaboratif\">tout centraliser en un seul endroit<\/a>, avec une vue d&rsquo;ensemble claire sur l&rsquo;avancement de chaque affaire.<br><br>Vous d\u00e9tectez rapidement les dossiers surcharg\u00e9s, les d\u00e9lais qui approchent et la capacit\u00e9 du cabinet \u00e0 prendre en charge de nouveaux dossiers.<br><br>Le <strong>partage en interne reste simple et ma\u00eetris\u00e9<\/strong>, m\u00eame sur des sujets soumis au secret professionnel.<\/p>\n\n\n\n<h2 class=\"wp-block-heading\"><span class=\"ez-toc-section\" id=\"des-fonctionnalites-cles-pour-les-professionnels-du-droit\"><\/span><strong>Des fonctionnalit\u00e9s cl\u00e9s pour les professionnels du droit<\/strong><span class=\"ez-toc-section-end\"><\/span><\/h2>\n\n\n\n<p>Certaines fonctions de<a href=\"https:\/\/bubbleplan.net\/outil-collaboratif\"> notre solution collaborative<\/a> de gestion de projets favorisent son adoption rapide, dans des secteurs comme celui du droit.<br><br><strong>Il a \u00e9t\u00e9 pens\u00e9 et con\u00e7u<\/strong> <strong>pour s\u2019adapter facilement<\/strong> \u00e0 la plupart des process et notamment pour des professions peu rompues \u00e0 l\u2019exercice.<br><br>Voici les fonctionnalit\u00e9s cl\u00e9s.<\/p>\n\n\n\n<h3 class=\"wp-block-heading\"><strong>Planification Gantt<\/strong><\/h3>\n\n\n\n<p>Notre solution propose une cr\u00e9ation de planning en glisser-d\u00e9poser, directement sur vos dossiers et activit\u00e9s. La <a href=\"https:\/\/bubbleplan.net\/pedagogie-projet\/diagramme-gantt-en-ligne\">mod\u00e9lisation Gantt<\/a> int\u00e8gre des contraintes pour automatiser la gestion des retards et leurs incidences sur le reste du dossier.<\/p>\n\n\n\n<figure class=\"wp-block-image size-full\"><img decoding=\"async\" width=\"1200\" height=\"800\" src=\"https:\/\/bubbleplan.net\/blog\/wp-content\/uploads\/2026\/02\/bubble-plan-compagnon-projets-vie-1.jpg\" alt=\"Planification d'un projet de vie\" class=\"wp-image-15797\" srcset=\"https:\/\/bubbleplan.net\/blog\/wp-content\/uploads\/2026\/02\/bubble-plan-compagnon-projets-vie-1.jpg 1200w, https:\/\/bubbleplan.net\/blog\/wp-content\/uploads\/2026\/02\/bubble-plan-compagnon-projets-vie-1-528x352.jpg 528w, https:\/\/bubbleplan.net\/blog\/wp-content\/uploads\/2026\/02\/bubble-plan-compagnon-projets-vie-1-768x512.jpg 768w, https:\/\/bubbleplan.net\/blog\/wp-content\/uploads\/2026\/02\/bubble-plan-compagnon-projets-vie-1-440x293.jpg 440w, https:\/\/bubbleplan.net\/blog\/wp-content\/uploads\/2026\/02\/bubble-plan-compagnon-projets-vie-1-320x213.jpg 320w\" sizes=\"(max-width: 1200px) 100vw, 1200px\" loading=\"lazy\" \/><\/figure>\n\n\n\n<p>Dates obligatoires, reports, nouvelles \u00e9ch\u00e9ances. Autant d&rsquo;imp\u00e9ratifs m\u00e9tiers que l&rsquo;outil prend en charge visuellement, avec codes couleurs et pictogrammes directement sur le planning.<\/p>\n\n\n\n<h3 class=\"wp-block-heading\"><strong>Gestion de documents <\/strong><\/h3>\n\n\n\n<p>Bubble Plan <a href=\"https:\/\/bubbleplan.net\/blog\/fonction-stockage-projet\/\">centralise documents<\/a>, dossiers et acc\u00e8s sp\u00e9cifiques sur un m\u00eame espace. Collaborateurs, clients ou partenaires acc\u00e8dent aux informations qui les concernent, simplement et sans perte de temps.<br><br>Pour les professionnels du droit, c&rsquo;est un point cl\u00e9 : chaque pi\u00e8ce est rattach\u00e9e \u00e0 son dossier, <strong>visible directement depuis le planning<\/strong>. Plus besoin de jongler entre plusieurs outils pour retrouver un document ou le transmettre.<\/p>\n\n\n\n<h3 class=\"wp-block-heading\"><strong>Vues personnalis\u00e9es<\/strong><\/h3>\n\n\n\n<p>Cette fonctionnalit\u00e9 param\u00e9trable permet de <strong>g\u00e9n\u00e9rer des filtres de lecture et de collaboration<\/strong> directement sur votre plan d\u2019activit\u00e9 ou votre planning projet.<\/p>\n\n\n\n<p>Vous pouvez alors planifier l\u2019ensemble des dossiers, avec des \u00e9l\u00e9ments internes et externes sur un m\u00eame planning, si besoin. Les <strong>droits attribu\u00e9s<\/strong> \u00e0 chaque acteur ne rendent visibles que les \u00e9l\u00e9ments d\u00e9cid\u00e9s et pertinents.<\/p>\n\n\n\n<p>L\u2019op\u00e9rationnel pour les collaborateurs, la macro vision pour les dirigeants ou encore les \u00e9l\u00e9ments verts pour les nouveaux collaborateurs et les marrons pour les cr\u00e9atifs\u2026<br><br>Plus besoin de vous pr\u00e9occuper de la :<\/p>\n\n\n\n<ul class=\"wp-block-list\">\n<li>confidentialit\u00e9 de certaines donn\u00e9es,<\/li>\n\n\n\n<li>complexit\u00e9 de lecture du planning pour chaque partenaire pour un projet transverse.<\/li>\n<\/ul>\n\n\n\n<p>Une fonctionnalit\u00e9 forte pour une <strong>conduite de projet ma\u00eetris\u00e9e et cibl\u00e9e<\/strong>. Notamment dans ces secteurs critiques du Droit o\u00f9 confidentialit\u00e9 et clart\u00e9 sont essentielles.<\/p>\n\n\n\n<h2 class=\"wp-block-heading\"><span class=\"ez-toc-section\" id=\"%e2%9c%94%ef%b8%8f-simplifier-lorganisation-des-professionnels-du-droit\"><\/span>\u2714\ufe0f Simplifier l&rsquo;organisation des professionnels du droit<span class=\"ez-toc-section-end\"><\/span><\/h2>\n\n\n\n<p>Les professionnels du droit doivent <strong>g\u00e9rer de nombreux dossiers<\/strong>, <strong>respecter des d\u00e9lais stricts<\/strong> et <strong>manipuler des informations sensibles<\/strong>. Structurer le suivi de cette activit\u00e9 au quotidien devient donc essentiel.<\/p>\n\n\n\n<p>Bubble Plan apporte <strong>un cadre simple pour organiser les dossiers<\/strong>, visualiser l\u2019avancement des affaires et faciliter la collaboration, tout en gardant la ma\u00eetrise des informations partag\u00e9es.<\/p>\n\n\n\n<p>Notre \u00e9quipe reste disponible pour \u00e9changer avec vous sur vos m\u00e9thodes de travail et vous accompagner dans la mise en place d\u2019une organisation adapt\u00e9e \u00e0 votre activit\u00e9.<\/p>\n\n\n\n<figure class=\"wp-block-image size-full\"><a href=\"https:\/\/bubbleplan.net\/creer-un-compte-gratuit\"><img decoding=\"async\" width=\"2560\" height=\"424\" src=\"https:\/\/bubbleplan.net\/blog\/wp-content\/uploads\/2025\/09\/cta-bas-de-page-1.png\" alt=\"appel \u00e0 l'action avec un texte \u00e0 gauche, et un bouton vert \u00e0 droite\" class=\"wp-image-14861\" srcset=\"https:\/\/bubbleplan.net\/blog\/wp-content\/uploads\/2025\/09\/cta-bas-de-page-1.png 2560w, https:\/\/bubbleplan.net\/blog\/wp-content\/uploads\/2025\/09\/cta-bas-de-page-1-528x87.png 528w, https:\/\/bubbleplan.net\/blog\/wp-content\/uploads\/2025\/09\/cta-bas-de-page-1-768x127.png 768w, https:\/\/bubbleplan.net\/blog\/wp-content\/uploads\/2025\/09\/cta-bas-de-page-1-1536x254.png 1536w, https:\/\/bubbleplan.net\/blog\/wp-content\/uploads\/2025\/09\/cta-bas-de-page-1-2048x339.png 2048w, https:\/\/bubbleplan.net\/blog\/wp-content\/uploads\/2025\/09\/cta-bas-de-page-1-440x73.png 440w, https:\/\/bubbleplan.net\/blog\/wp-content\/uploads\/2025\/09\/cta-bas-de-page-1-320x53.png 320w, https:\/\/bubbleplan.net\/blog\/wp-content\/uploads\/2025\/09\/cta-bas-de-page-1-1400x232.png 1400w\" sizes=\"(max-width: 2560px) 100vw, 2560px\" loading=\"lazy\" \/><\/a><\/figure>\n\n\n\n<figure class=\"wp-block-table\"><table class=\"has-fixed-layout\"><tbody><tr><td><strong>Lire aussi :<\/strong> <a href=\"https:\/\/bubbleplan.net\/blog\/gestion-projet-informatique\/\" target=\"_blank\" rel=\"noreferrer noopener\">La gestion de projet informatique avec Bubble Plan<\/a> Partage et droit d&rsquo;acc\u00e8s <a href=\"https:\/\/bubbleplan.net\/blog\/partenariat-rh-sncf\/\">Bubble Plan et la SNCF : une collaboration agile pour une gestion de projets RH performante<\/a><\/td><\/tr><\/tbody><\/table><\/figure>\n","protected":false},"excerpt":{"rendered":"<p>Cabinets d&rsquo;avocats, notaires, juristes en entreprise, associations\u2026 Les professionnels du droit sont nombreux \u00e0 utiliser Bubble Plan pour structurer leur quotidien, piloter leurs dossiers et communiquer avec leurs clients. Un secteur aux contraintes bien sp\u00e9cifiques : donn\u00e9es sensibles, proc\u00e9dures strictes, volume important de dossiers \u00e0 suivre en parall\u00e8le. Voici comment Bubble Plan r\u00e9pond \u00e0 ces&#8230;<\/p>\n","protected":false},"author":2,"featured_media":5213,"comment_status":"open","ping_status":"open","sticky":false,"template":"","format":"standard","meta":{"footnotes":""},"categories":[22],"tags":[37,52,589],"class_list":{"0":"post-5206","1":"post","2":"type-post","3":"status-publish","4":"format-standard","5":"has-post-thumbnail","6":"hentry","7":"category-etudescas","8":"tag-gantt","9":"tag-gestion-de-projet","10":"tag-metiers-du-droit","11":"article","12":"","14":"has-excerpt","15":"has-avatar","16":"has-author","17":"has-nickname","18":"has-date","19":"has-comment-count","20":"has-category-meta","21":"has-read-more","22":"has-title","23":"has-post-media","24":"thumbnail-"},"nelio_content":{"isAutoShareEnabled":true,"autoShareEndMode":"never","automationSources":{"useCustomSentences":false,"customSentences":[]},"followers":[2,11,1,14],"suggestedReferences":[],"efiUrl":"","efiAlt":"","highlights":[],"permalinkQueryArgs":[],"series":[]},"yoast_head":"<!-- This site is optimized with the Yoast SEO plugin v26.8 - https:\/\/yoast.com\/product\/yoast-seo-wordpress\/ -->\n<title>Professionnels du droit : d\u00e9couvrez leurs usages de Bubble Plan<\/title>\n<meta name=\"description\" content=\"Simplifiez la gestion de vos dossiers et de vos \u00e9ch\u00e9ances avec Bubble Plan, la solution de planification adapt\u00e9e aux professionnels du droit.\" \/>\n<meta name=\"robots\" content=\"index, follow, max-snippet:-1, max-image-preview:large, max-video-preview:-1\" \/>\n<link rel=\"canonical\" href=\"https:\/\/bubbleplan.net\/blog\/l-organisation-des-professionnels-du-droit-avec-un-outil-de-planification\/\" \/>\n<meta property=\"og:locale\" content=\"fr_FR\" \/>\n<meta property=\"og:type\" content=\"article\" \/>\n<meta property=\"og:title\" content=\"Professionnels du droit : d\u00e9couvrez leurs usages de Bubble Plan\" \/>\n<meta property=\"og:description\" content=\"Simplifiez la gestion de vos dossiers et de vos \u00e9ch\u00e9ances avec Bubble Plan, la solution de planification adapt\u00e9e aux professionnels du droit.\" \/>\n<meta property=\"og:url\" content=\"https:\/\/bubbleplan.net\/blog\/l-organisation-des-professionnels-du-droit-avec-un-outil-de-planification\/\" \/>\n<meta property=\"og:site_name\" content=\"Bubble Plan : blog de la Gestion de Projet efficace et collaborative\" \/>\n<meta property=\"article:publisher\" content=\"https:\/\/www.facebook.com\/bubbleplan\" \/>\n<meta property=\"article:published_time\" content=\"2026-03-12T16:21:32+00:00\" \/>\n<meta property=\"article:modified_time\" content=\"2026-03-12T16:21:33+00:00\" \/>\n<meta property=\"og:image\" content=\"https:\/\/bubbleplan.net\/blog\/wp-content\/uploads\/2022\/01\/businessman-reading-contract-closeup-min-1-scaled.jpg\" \/>\n\t<meta property=\"og:image:width\" content=\"2560\" \/>\n\t<meta property=\"og:image:height\" content=\"1707\" \/>\n\t<meta property=\"og:image:type\" content=\"image\/jpeg\" \/>\n<meta name=\"author\" content=\"Gr\u00e9gory Hennion\" \/>\n<meta name=\"twitter:card\" content=\"summary_large_image\" \/>\n<meta name=\"twitter:creator\" content=\"@BubblePlan\" \/>\n<meta name=\"twitter:site\" content=\"@BubblePlan\" \/>\n<meta name=\"twitter:label1\" content=\"\u00c9crit par\" \/>\n\t<meta name=\"twitter:data1\" content=\"Gr\u00e9gory Hennion\" \/>\n\t<meta name=\"twitter:label2\" content=\"Dur\u00e9e de lecture estim\u00e9e\" \/>\n\t<meta name=\"twitter:data2\" content=\"14 minutes\" \/>\n<script type=\"application\/ld+json\" class=\"yoast-schema-graph\">{\"@context\":\"https:\/\/schema.org\",\"@graph\":[{\"@type\":\"Article\",\"@id\":\"https:\/\/bubbleplan.net\/blog\/l-organisation-des-professionnels-du-droit-avec-un-outil-de-planification\/#article\",\"isPartOf\":{\"@id\":\"https:\/\/bubbleplan.net\/blog\/l-organisation-des-professionnels-du-droit-avec-un-outil-de-planification\/\"},\"author\":{\"name\":\"Gr\u00e9gory Hennion\",\"@id\":\"https:\/\/bubbleplan.net\/blog\/#\/schema\/person\/6c4462762ae97fb6382693f1b5312a48\"},\"headline\":\"L\u2019organisation des professionnels du droit, avec un outil de planification\",\"datePublished\":\"2026-03-12T16:21:32+00:00\",\"dateModified\":\"2026-03-12T16:21:33+00:00\",\"mainEntityOfPage\":{\"@id\":\"https:\/\/bubbleplan.net\/blog\/l-organisation-des-professionnels-du-droit-avec-un-outil-de-planification\/\"},\"wordCount\":902,\"commentCount\":0,\"publisher\":{\"@id\":\"https:\/\/bubbleplan.net\/blog\/#organization\"},\"image\":{\"@id\":\"https:\/\/bubbleplan.net\/blog\/l-organisation-des-professionnels-du-droit-avec-un-outil-de-planification\/#primaryimage\"},\"thumbnailUrl\":\"https:\/\/bubbleplan.net\/blog\/wp-content\/uploads\/2022\/01\/businessman-reading-contract-closeup-min-1-scaled.jpg\",\"keywords\":[\"Gantt\",\"gestion de projet\",\"m\u00e9tiers du droit\"],\"articleSection\":[\"\u00c9tudes de Cas\"],\"inLanguage\":\"fr-FR\",\"potentialAction\":[{\"@type\":\"CommentAction\",\"name\":\"Comment\",\"target\":[\"https:\/\/bubbleplan.net\/blog\/l-organisation-des-professionnels-du-droit-avec-un-outil-de-planification\/#respond\"]}]},{\"@type\":\"WebPage\",\"@id\":\"https:\/\/bubbleplan.net\/blog\/l-organisation-des-professionnels-du-droit-avec-un-outil-de-planification\/\",\"url\":\"https:\/\/bubbleplan.net\/blog\/l-organisation-des-professionnels-du-droit-avec-un-outil-de-planification\/\",\"name\":\"Professionnels du droit : d\u00e9couvrez leurs usages de Bubble Plan\",\"isPartOf\":{\"@id\":\"https:\/\/bubbleplan.net\/blog\/#website\"},\"primaryImageOfPage\":{\"@id\":\"https:\/\/bubbleplan.net\/blog\/l-organisation-des-professionnels-du-droit-avec-un-outil-de-planification\/#primaryimage\"},\"image\":{\"@id\":\"https:\/\/bubbleplan.net\/blog\/l-organisation-des-professionnels-du-droit-avec-un-outil-de-planification\/#primaryimage\"},\"thumbnailUrl\":\"https:\/\/bubbleplan.net\/blog\/wp-content\/uploads\/2022\/01\/businessman-reading-contract-closeup-min-1-scaled.jpg\",\"datePublished\":\"2026-03-12T16:21:32+00:00\",\"dateModified\":\"2026-03-12T16:21:33+00:00\",\"description\":\"Simplifiez la gestion de vos dossiers et de vos \u00e9ch\u00e9ances avec Bubble Plan, la solution de planification adapt\u00e9e aux professionnels du droit.\",\"breadcrumb\":{\"@id\":\"https:\/\/bubbleplan.net\/blog\/l-organisation-des-professionnels-du-droit-avec-un-outil-de-planification\/#breadcrumb\"},\"inLanguage\":\"fr-FR\",\"potentialAction\":[{\"@type\":\"ReadAction\",\"target\":[\"https:\/\/bubbleplan.net\/blog\/l-organisation-des-professionnels-du-droit-avec-un-outil-de-planification\/\"]}]},{\"@type\":\"ImageObject\",\"inLanguage\":\"fr-FR\",\"@id\":\"https:\/\/bubbleplan.net\/blog\/l-organisation-des-professionnels-du-droit-avec-un-outil-de-planification\/#primaryimage\",\"url\":\"https:\/\/bubbleplan.net\/blog\/wp-content\/uploads\/2022\/01\/businessman-reading-contract-closeup-min-1-scaled.jpg\",\"contentUrl\":\"https:\/\/bubbleplan.net\/blog\/wp-content\/uploads\/2022\/01\/businessman-reading-contract-closeup-min-1-scaled.jpg\",\"width\":2560,\"height\":1707,\"caption\":\"Illustration professionnels du droit\"},{\"@type\":\"BreadcrumbList\",\"@id\":\"https:\/\/bubbleplan.net\/blog\/l-organisation-des-professionnels-du-droit-avec-un-outil-de-planification\/#breadcrumb\",\"itemListElement\":[{\"@type\":\"ListItem\",\"position\":1,\"name\":\"Blog\",\"item\":\"https:\/\/bubbleplan.net\/blog\/\"},{\"@type\":\"ListItem\",\"position\":2,\"name\":\"\u00c9tudes de Cas\",\"item\":\"https:\/\/bubbleplan.net\/blog\/category\/etudescas\/\"},{\"@type\":\"ListItem\",\"position\":3,\"name\":\"L\u2019organisation des professionnels du droit, avec un outil de planification\"}]},{\"@type\":\"WebSite\",\"@id\":\"https:\/\/bubbleplan.net\/blog\/#website\",\"url\":\"https:\/\/bubbleplan.net\/blog\/\",\"name\":\"Bubble Plan : blog de la Gestion de Projet efficace et collaborative\",\"description\":\"Toute l&#039;actualit\u00e9 de la gestion de projet et du collaboratif, avec Bubble Plan\",\"publisher\":{\"@id\":\"https:\/\/bubbleplan.net\/blog\/#organization\"},\"potentialAction\":[{\"@type\":\"SearchAction\",\"target\":{\"@type\":\"EntryPoint\",\"urlTemplate\":\"https:\/\/bubbleplan.net\/blog\/?s={search_term_string}\"},\"query-input\":{\"@type\":\"PropertyValueSpecification\",\"valueRequired\":true,\"valueName\":\"search_term_string\"}}],\"inLanguage\":\"fr-FR\"},{\"@type\":\"Organization\",\"@id\":\"https:\/\/bubbleplan.net\/blog\/#organization\",\"name\":\"Bubble Plan\",\"url\":\"https:\/\/bubbleplan.net\/blog\/\",\"logo\":{\"@type\":\"ImageObject\",\"inLanguage\":\"fr-FR\",\"@id\":\"https:\/\/bubbleplan.net\/blog\/#\/schema\/logo\/image\/\",\"url\":\"https:\/\/bubbleplan.net\/blog\/wp-content\/uploads\/2024\/07\/logo-leblog-vf-01-336.png\",\"contentUrl\":\"https:\/\/bubbleplan.net\/blog\/wp-content\/uploads\/2024\/07\/logo-leblog-vf-01-336.png\",\"width\":672,\"height\":62,\"caption\":\"Bubble Plan\"},\"image\":{\"@id\":\"https:\/\/bubbleplan.net\/blog\/#\/schema\/logo\/image\/\"},\"sameAs\":[\"https:\/\/www.facebook.com\/bubbleplan\",\"https:\/\/x.com\/BubblePlan\",\"https:\/\/www.linkedin.com\/company\/bubbleplan\",\"https:\/\/www.youtube.com\/channel\/UCDb4feDzsa4fCd_vR5HZJgg\"]},{\"@type\":\"Person\",\"@id\":\"https:\/\/bubbleplan.net\/blog\/#\/schema\/person\/6c4462762ae97fb6382693f1b5312a48\",\"name\":\"Gr\u00e9gory Hennion\",\"image\":{\"@type\":\"ImageObject\",\"inLanguage\":\"fr-FR\",\"@id\":\"https:\/\/bubbleplan.net\/blog\/#\/schema\/person\/image\/\",\"url\":\"https:\/\/secure.gravatar.com\/avatar\/c42e72a19ab0d910c5a805ee5fa51347?s=96&d=mm&r=g\",\"contentUrl\":\"https:\/\/secure.gravatar.com\/avatar\/c42e72a19ab0d910c5a805ee5fa51347?s=96&d=mm&r=g\",\"caption\":\"Gr\u00e9gory Hennion\"},\"description\":\"Expert gestion de projet, Gr\u00e9gory \u00e9crit pour le blog de Bubble Plan depuis 2017. Expert produit, passionn\u00e9 par les mots et l\u2019\u00e9criture, il vous partage des articles riches de sens, nourris par des ann\u00e9es d\u2019exp\u00e9rience terrain. Vous pouvez suivre son actualit\u00e9 sur LinkedIn.\",\"sameAs\":[\"https:\/\/www.linkedin.com\/in\/greg-hennion-active-networker\/\"],\"url\":\"https:\/\/bubbleplan.net\/blog\/author\/gregory\/\"}]}<\/script>\n<!-- \/ Yoast SEO plugin. -->","yoast_head_json":{"title":"Professionnels du droit : d\u00e9couvrez leurs usages de Bubble Plan","description":"Simplifiez la gestion de vos dossiers et de vos \u00e9ch\u00e9ances avec Bubble Plan, la solution de planification adapt\u00e9e aux professionnels du droit.","robots":{"index":"index","follow":"follow","max-snippet":"max-snippet:-1","max-image-preview":"max-image-preview:large","max-video-preview":"max-video-preview:-1"},"canonical":"https:\/\/bubbleplan.net\/blog\/l-organisation-des-professionnels-du-droit-avec-un-outil-de-planification\/","og_locale":"fr_FR","og_type":"article","og_title":"Professionnels du droit : d\u00e9couvrez leurs usages de Bubble Plan","og_description":"Simplifiez la gestion de vos dossiers et de vos \u00e9ch\u00e9ances avec Bubble Plan, la solution de planification adapt\u00e9e aux professionnels du droit.","og_url":"https:\/\/bubbleplan.net\/blog\/l-organisation-des-professionnels-du-droit-avec-un-outil-de-planification\/","og_site_name":"Bubble Plan : blog de la Gestion de Projet efficace et collaborative","article_publisher":"https:\/\/www.facebook.com\/bubbleplan","article_published_time":"2026-03-12T16:21:32+00:00","article_modified_time":"2026-03-12T16:21:33+00:00","og_image":[{"width":2560,"height":1707,"url":"https:\/\/bubbleplan.net\/blog\/wp-content\/uploads\/2022\/01\/businessman-reading-contract-closeup-min-1-scaled.jpg","type":"image\/jpeg"}],"author":"Gr\u00e9gory Hennion","twitter_card":"summary_large_image","twitter_creator":"@BubblePlan","twitter_site":"@BubblePlan","twitter_misc":{"\u00c9crit par":"Gr\u00e9gory Hennion","Dur\u00e9e de lecture estim\u00e9e":"14 minutes"},"schema":{"@context":"https:\/\/schema.org","@graph":[{"@type":"Article","@id":"https:\/\/bubbleplan.net\/blog\/l-organisation-des-professionnels-du-droit-avec-un-outil-de-planification\/#article","isPartOf":{"@id":"https:\/\/bubbleplan.net\/blog\/l-organisation-des-professionnels-du-droit-avec-un-outil-de-planification\/"},"author":{"name":"Gr\u00e9gory Hennion","@id":"https:\/\/bubbleplan.net\/blog\/#\/schema\/person\/6c4462762ae97fb6382693f1b5312a48"},"headline":"L\u2019organisation des professionnels du droit, avec un outil de planification","datePublished":"2026-03-12T16:21:32+00:00","dateModified":"2026-03-12T16:21:33+00:00","mainEntityOfPage":{"@id":"https:\/\/bubbleplan.net\/blog\/l-organisation-des-professionnels-du-droit-avec-un-outil-de-planification\/"},"wordCount":902,"commentCount":0,"publisher":{"@id":"https:\/\/bubbleplan.net\/blog\/#organization"},"image":{"@id":"https:\/\/bubbleplan.net\/blog\/l-organisation-des-professionnels-du-droit-avec-un-outil-de-planification\/#primaryimage"},"thumbnailUrl":"https:\/\/bubbleplan.net\/blog\/wp-content\/uploads\/2022\/01\/businessman-reading-contract-closeup-min-1-scaled.jpg","keywords":["Gantt","gestion de projet","m\u00e9tiers du droit"],"articleSection":["\u00c9tudes de Cas"],"inLanguage":"fr-FR","potentialAction":[{"@type":"CommentAction","name":"Comment","target":["https:\/\/bubbleplan.net\/blog\/l-organisation-des-professionnels-du-droit-avec-un-outil-de-planification\/#respond"]}]},{"@type":"WebPage","@id":"https:\/\/bubbleplan.net\/blog\/l-organisation-des-professionnels-du-droit-avec-un-outil-de-planification\/","url":"https:\/\/bubbleplan.net\/blog\/l-organisation-des-professionnels-du-droit-avec-un-outil-de-planification\/","name":"Professionnels du droit : d\u00e9couvrez leurs usages de Bubble Plan","isPartOf":{"@id":"https:\/\/bubbleplan.net\/blog\/#website"},"primaryImageOfPage":{"@id":"https:\/\/bubbleplan.net\/blog\/l-organisation-des-professionnels-du-droit-avec-un-outil-de-planification\/#primaryimage"},"image":{"@id":"https:\/\/bubbleplan.net\/blog\/l-organisation-des-professionnels-du-droit-avec-un-outil-de-planification\/#primaryimage"},"thumbnailUrl":"https:\/\/bubbleplan.net\/blog\/wp-content\/uploads\/2022\/01\/businessman-reading-contract-closeup-min-1-scaled.jpg","datePublished":"2026-03-12T16:21:32+00:00","dateModified":"2026-03-12T16:21:33+00:00","description":"Simplifiez la gestion de vos dossiers et de vos \u00e9ch\u00e9ances avec Bubble Plan, la solution de planification adapt\u00e9e aux professionnels du droit.","breadcrumb":{"@id":"https:\/\/bubbleplan.net\/blog\/l-organisation-des-professionnels-du-droit-avec-un-outil-de-planification\/#breadcrumb"},"inLanguage":"fr-FR","potentialAction":[{"@type":"ReadAction","target":["https:\/\/bubbleplan.net\/blog\/l-organisation-des-professionnels-du-droit-avec-un-outil-de-planification\/"]}]},{"@type":"ImageObject","inLanguage":"fr-FR","@id":"https:\/\/bubbleplan.net\/blog\/l-organisation-des-professionnels-du-droit-avec-un-outil-de-planification\/#primaryimage","url":"https:\/\/bubbleplan.net\/blog\/wp-content\/uploads\/2022\/01\/businessman-reading-contract-closeup-min-1-scaled.jpg","contentUrl":"https:\/\/bubbleplan.net\/blog\/wp-content\/uploads\/2022\/01\/businessman-reading-contract-closeup-min-1-scaled.jpg","width":2560,"height":1707,"caption":"Illustration professionnels du droit"},{"@type":"BreadcrumbList","@id":"https:\/\/bubbleplan.net\/blog\/l-organisation-des-professionnels-du-droit-avec-un-outil-de-planification\/#breadcrumb","itemListElement":[{"@type":"ListItem","position":1,"name":"Blog","item":"https:\/\/bubbleplan.net\/blog\/"},{"@type":"ListItem","position":2,"name":"\u00c9tudes de Cas","item":"https:\/\/bubbleplan.net\/blog\/category\/etudescas\/"},{"@type":"ListItem","position":3,"name":"L\u2019organisation des professionnels du droit, avec un outil de planification"}]},{"@type":"WebSite","@id":"https:\/\/bubbleplan.net\/blog\/#website","url":"https:\/\/bubbleplan.net\/blog\/","name":"Bubble Plan : blog de la Gestion de Projet efficace et collaborative","description":"Toute l&#039;actualit\u00e9 de la gestion de projet et du collaboratif, avec Bubble Plan","publisher":{"@id":"https:\/\/bubbleplan.net\/blog\/#organization"},"potentialAction":[{"@type":"SearchAction","target":{"@type":"EntryPoint","urlTemplate":"https:\/\/bubbleplan.net\/blog\/?s={search_term_string}"},"query-input":{"@type":"PropertyValueSpecification","valueRequired":true,"valueName":"search_term_string"}}],"inLanguage":"fr-FR"},{"@type":"Organization","@id":"https:\/\/bubbleplan.net\/blog\/#organization","name":"Bubble Plan","url":"https:\/\/bubbleplan.net\/blog\/","logo":{"@type":"ImageObject","inLanguage":"fr-FR","@id":"https:\/\/bubbleplan.net\/blog\/#\/schema\/logo\/image\/","url":"https:\/\/bubbleplan.net\/blog\/wp-content\/uploads\/2024\/07\/logo-leblog-vf-01-336.png","contentUrl":"https:\/\/bubbleplan.net\/blog\/wp-content\/uploads\/2024\/07\/logo-leblog-vf-01-336.png","width":672,"height":62,"caption":"Bubble Plan"},"image":{"@id":"https:\/\/bubbleplan.net\/blog\/#\/schema\/logo\/image\/"},"sameAs":["https:\/\/www.facebook.com\/bubbleplan","https:\/\/x.com\/BubblePlan","https:\/\/www.linkedin.com\/company\/bubbleplan","https:\/\/www.youtube.com\/channel\/UCDb4feDzsa4fCd_vR5HZJgg"]},{"@type":"Person","@id":"https:\/\/bubbleplan.net\/blog\/#\/schema\/person\/6c4462762ae97fb6382693f1b5312a48","name":"Gr\u00e9gory Hennion","image":{"@type":"ImageObject","inLanguage":"fr-FR","@id":"https:\/\/bubbleplan.net\/blog\/#\/schema\/person\/image\/","url":"https:\/\/secure.gravatar.com\/avatar\/c42e72a19ab0d910c5a805ee5fa51347?s=96&d=mm&r=g","contentUrl":"https:\/\/secure.gravatar.com\/avatar\/c42e72a19ab0d910c5a805ee5fa51347?s=96&d=mm&r=g","caption":"Gr\u00e9gory Hennion"},"description":"Expert gestion de projet, Gr\u00e9gory \u00e9crit pour le blog de Bubble Plan depuis 2017. Expert produit, passionn\u00e9 par les mots et l\u2019\u00e9criture, il vous partage des articles riches de sens, nourris par des ann\u00e9es d\u2019exp\u00e9rience terrain. Vous pouvez suivre son actualit\u00e9 sur LinkedIn.","sameAs":["https:\/\/www.linkedin.com\/in\/greg-hennion-active-networker\/"],"url":"https:\/\/bubbleplan.net\/blog\/author\/gregory\/"}]}},"_links":{"self":[{"href":"https:\/\/bubbleplan.net\/blog\/wp-json\/wp\/v2\/posts\/5206","targetHints":{"allow":["GET"]}}],"collection":[{"href":"https:\/\/bubbleplan.net\/blog\/wp-json\/wp\/v2\/posts"}],"about":[{"href":"https:\/\/bubbleplan.net\/blog\/wp-json\/wp\/v2\/types\/post"}],"author":[{"embeddable":true,"href":"https:\/\/bubbleplan.net\/blog\/wp-json\/wp\/v2\/users\/2"}],"replies":[{"embeddable":true,"href":"https:\/\/bubbleplan.net\/blog\/wp-json\/wp\/v2\/comments?post=5206"}],"version-history":[{"count":28,"href":"https:\/\/bubbleplan.net\/blog\/wp-json\/wp\/v2\/posts\/5206\/revisions"}],"predecessor-version":[{"id":16159,"href":"https:\/\/bubbleplan.net\/blog\/wp-json\/wp\/v2\/posts\/5206\/revisions\/16159"}],"wp:featuredmedia":[{"embeddable":true,"href":"https:\/\/bubbleplan.net\/blog\/wp-json\/wp\/v2\/media\/5213"}],"wp:attachment":[{"href":"https:\/\/bubbleplan.net\/blog\/wp-json\/wp\/v2\/media?parent=5206"}],"wp:term":[{"taxonomy":"category","embeddable":true,"href":"https:\/\/bubbleplan.net\/blog\/wp-json\/wp\/v2\/categories?post=5206"},{"taxonomy":"post_tag","embeddable":true,"href":"https:\/\/bubbleplan.net\/blog\/wp-json\/wp\/v2\/tags?post=5206"}],"curies":[{"name":"wp","href":"https:\/\/api.w.org\/{rel}","templated":true}]}}