{"id":802,"date":"2025-10-30T12:05:28","date_gmt":"2025-10-30T11:05:28","guid":{"rendered":"http:\/\/reussirsonprojet.fr\/?p=802"},"modified":"2025-10-30T12:20:52","modified_gmt":"2025-10-30T11:20:52","slug":"gestion-de-projet-sydev-collectivite","status":"publish","type":"post","link":"https:\/\/bubbleplan.net\/blog\/gestion-de-projet-sydev-collectivite\/","title":{"rendered":"La collectivit\u00e9 SyDEV : une gestion de projet optimis\u00e9e"},"content":{"rendered":"\n\n<div class=\"kk-star-ratings kksr-auto kksr-align-left kksr-valign-top\"\n    data-payload='{&quot;align&quot;:&quot;left&quot;,&quot;id&quot;:&quot;802&quot;,&quot;slug&quot;:&quot;default&quot;,&quot;valign&quot;:&quot;top&quot;,&quot;ignore&quot;:&quot;&quot;,&quot;reference&quot;:&quot;auto&quot;,&quot;class&quot;:&quot;&quot;,&quot;count&quot;:&quot;3&quot;,&quot;legendonly&quot;:&quot;&quot;,&quot;readonly&quot;:&quot;&quot;,&quot;score&quot;:&quot;4.7&quot;,&quot;starsonly&quot;:&quot;&quot;,&quot;best&quot;:&quot;5&quot;,&quot;gap&quot;:&quot;0&quot;,&quot;greet&quot;:&quot;Votre avis est essentiel !&quot;,&quot;legend&quot;:&quot;4.7\\\/5 - (3 votes)&quot;,&quot;size&quot;:&quot;20&quot;,&quot;title&quot;:&quot;La collectivit\u00e9 SyDEV : une gestion de projet optimis\u00e9e&quot;,&quot;width&quot;:&quot;94&quot;,&quot;_legend&quot;:&quot;{score}\\\/{best} - ({count} {votes})&quot;,&quot;font_factor&quot;:&quot;1.25&quot;}'>\n            \n<div class=\"kksr-stars\">\n    \n<div class=\"kksr-stars-inactive\">\n            <div class=\"kksr-star\" data-star=\"1\" style=\"padding-right: 0px\">\n            \n\n<div class=\"kksr-icon\" style=\"width: 20px; height: 20px;\"><\/div>\n        <\/div>\n            <div class=\"kksr-star\" data-star=\"2\" style=\"padding-right: 0px\">\n            \n\n<div class=\"kksr-icon\" style=\"width: 20px; height: 20px;\"><\/div>\n        <\/div>\n            <div class=\"kksr-star\" data-star=\"3\" style=\"padding-right: 0px\">\n            \n\n<div class=\"kksr-icon\" style=\"width: 20px; height: 20px;\"><\/div>\n        <\/div>\n            <div class=\"kksr-star\" data-star=\"4\" style=\"padding-right: 0px\">\n            \n\n<div class=\"kksr-icon\" style=\"width: 20px; height: 20px;\"><\/div>\n        <\/div>\n            <div class=\"kksr-star\" data-star=\"5\" style=\"padding-right: 0px\">\n            \n\n<div class=\"kksr-icon\" style=\"width: 20px; height: 20px;\"><\/div>\n        <\/div>\n    <\/div>\n    \n<div class=\"kksr-stars-active\" style=\"width: 94px;\">\n            <div class=\"kksr-star\" style=\"padding-right: 0px\">\n            \n\n<div class=\"kksr-icon\" style=\"width: 20px; height: 20px;\"><\/div>\n        <\/div>\n            <div class=\"kksr-star\" style=\"padding-right: 0px\">\n            \n\n<div class=\"kksr-icon\" style=\"width: 20px; height: 20px;\"><\/div>\n        <\/div>\n            <div class=\"kksr-star\" style=\"padding-right: 0px\">\n            \n\n<div class=\"kksr-icon\" style=\"width: 20px; height: 20px;\"><\/div>\n        <\/div>\n            <div class=\"kksr-star\" style=\"padding-right: 0px\">\n            \n\n<div class=\"kksr-icon\" style=\"width: 20px; height: 20px;\"><\/div>\n        <\/div>\n            <div class=\"kksr-star\" style=\"padding-right: 0px\">\n            \n\n<div class=\"kksr-icon\" style=\"width: 20px; height: 20px;\"><\/div>\n        <\/div>\n    <\/div>\n<\/div>\n                \n\n<div class=\"kksr-legend\" style=\"font-size: 16px;\">\n            4.7\/5 - (3 votes)    <\/div>\n    <\/div>\n\n<p>Bubble Plan\u00a0a nou\u00e9 pendant plusieurs ann\u00e9es une collaboration avec le <strong>SyDEV<\/strong>, syndicat d\u00e9partemental d&rsquo;\u00e9nergie et d&rsquo;\u00e9quipement de la Vend\u00e9e. Cette <strong>collectivit\u00e9 territoriale<\/strong> assurant notamment la gestion des r\u00e9seaux \u00e9lectriques et gaz vend\u00e9ens (85). Elle souhaitait <strong>optimiser et uniformiser le pilotage de<\/strong> ses nombreux <strong>projets transverses<\/strong>. Un d\u00e9ploiement orchestr\u00e9\u00a0par Mathilde Delhomme, charg\u00e9e de mission Projets.<\/p>\n\n\n\n<p>Engag\u00e9s dans de nombreux projets de :<\/p>\n\n\n\n<ul class=\"wp-block-list\">\n<li><strong>gestion des r\u00e9seaux<\/strong>,<\/li>\n\n\n\n<li><strong>transition \u00e9nerg\u00e9tique<\/strong><\/li>\n\n\n\n<li>ou encore <strong>d&rsquo;innovation<\/strong> locale,<br><br>le\u00a0<strong>SyDEV<\/strong> souhaitait mettre en place des\u00a0<strong>process<\/strong>\u00a0plus\u00a0<strong>norm\u00e9s<\/strong>\u00a0pour piloter ses actions et pr\u00e9parer efficacement ses \u00e9ch\u00e9ances et le pilotage des \u00e9quipes.<\/li>\n<\/ul>\n\n\n\n<p>Mathilde Delhomme\u00a0souhaitait une\u00a0<strong><a href=\"https:\/\/bubbleplan.net\/\">solution simple<\/a> et \u00e9volutive<\/strong> pour un d\u00e9ploiement et une adoption interne facilit\u00e9es, au c\u0153ur de cette collectivit\u00e9 de 85 collaborateurs, entour\u00e9s de nombreux partenaires.<\/p>\n\n\n\n<div id=\"ez-toc-container\" class=\"ez-toc-v2_0_71 ez-toc-wrap-center counter-hierarchy ez-toc-counter ez-toc-transparent ez-toc-container-direction\">\n<div class=\"ez-toc-title-container\">\n<span class=\"ez-toc-title\" style=\"cursor:inherit\">SOMMAIRE<\/span>\n<span class=\"ez-toc-title-toggle\"><a href=\"#\" class=\"ez-toc-pull-right ez-toc-btn ez-toc-btn-xs ez-toc-btn-default ez-toc-toggle\" aria-label=\"Toggle Table of Content\"><span class=\"ez-toc-js-icon-con\"><span class=\"\"><span class=\"eztoc-hide\" style=\"display:none;\">Toggle<\/span><span class=\"ez-toc-icon-toggle-span\"><svg style=\"fill: #999;color:#999\" xmlns=\"http:\/\/www.w3.org\/2000\/svg\" class=\"list-377408\" width=\"20px\" height=\"20px\" viewBox=\"0 0 24 24\" fill=\"none\"><path d=\"M6 6H4v2h2V6zm14 0H8v2h12V6zM4 11h2v2H4v-2zm16 0H8v2h12v-2zM4 16h2v2H4v-2zm16 0H8v2h12v-2z\" fill=\"currentColor\"><\/path><\/svg><svg style=\"fill: #999;color:#999\" class=\"arrow-unsorted-368013\" xmlns=\"http:\/\/www.w3.org\/2000\/svg\" width=\"10px\" height=\"10px\" viewBox=\"0 0 24 24\" version=\"1.2\" baseProfile=\"tiny\"><path d=\"M18.2 9.3l-6.2-6.3-6.2 6.3c-.2.2-.3.4-.3.7s.1.5.3.7c.2.2.4.3.7.3h11c.3 0 .5-.1.7-.3.2-.2.3-.5.3-.7s-.1-.5-.3-.7zM5.8 14.7l6.2 6.3 6.2-6.3c.2-.2.3-.5.3-.7s-.1-.5-.3-.7c-.2-.2-.4-.3-.7-.3h-11c-.3 0-.5.1-.7.3-.2.2-.3.5-.3.7s.1.5.3.7z\"\/><\/svg><\/span><\/span><\/span><\/a><\/span><\/div>\n<nav><ul class='ez-toc-list ez-toc-list-level-1 ' ><li class='ez-toc-page-1 ez-toc-heading-level-2'><a class=\"ez-toc-link ez-toc-heading-1\" href=\"https:\/\/bubbleplan.net\/blog\/gestion-de-projet-sydev-collectivite\/#un-outil-pleinement-adapte-a-la-collectivite-sydev\" title=\"Un outil pleinement adapt\u00e9 \u00e0 la coll\u00e9ctivit\u00e9 SyDEV\">Un outil pleinement adapt\u00e9 \u00e0 la coll\u00e9ctivit\u00e9 SyDEV<\/a><\/li><li class='ez-toc-page-1 ez-toc-heading-level-2'><a class=\"ez-toc-link ez-toc-heading-2\" href=\"https:\/\/bubbleplan.net\/blog\/gestion-de-projet-sydev-collectivite\/#une-collaboration-au-dela-de-la-planification\" title=\"Une collaboration au-del\u00e0 de la planification\">Une collaboration au-del\u00e0 de la planification<\/a><\/li><li class='ez-toc-page-1 ez-toc-heading-level-2'><a class=\"ez-toc-link ez-toc-heading-3\" href=\"https:\/\/bubbleplan.net\/blog\/gestion-de-projet-sydev-collectivite\/#faq\" title=\"FAQ\">FAQ<\/a><\/li><\/ul><\/nav><\/div>\n<h2 class=\"wp-block-heading\"><span class=\"ez-toc-section\" id=\"un-outil-pleinement-adapte-a-la-collectivite-sydev\"><\/span>Un outil pleinement adapt\u00e9 \u00e0 la coll\u00e9ctivit\u00e9 SyDEV<span class=\"ez-toc-section-end\"><\/span><\/h2>\n\n\n\n<p>Le SyDEV a \u00e9t\u00e9 s\u00e9duit par :<\/p>\n\n\n\n<ol class=\"wp-block-list\">\n<li>l\u2019<strong>interface visuelle et intuitive<\/strong>\u00a0de\u00a0<a href=\"https:\/\/bubbleplan.net\" target=\"_blank\" rel=\"noopener noreferrer\">Bubble Plan<\/a><\/li>\n\n\n\n<li>et sa <strong>prise en main imm\u00e9diate<\/strong>, quel que soit le collaborateur concern\u00e9.<\/li>\n<\/ol>\n\n\n\n<figure class=\"wp-block-image size-large\"><a href=\"https:\/\/bubbleplan.net\/creer-un-compte-gratuit\"><img decoding=\"async\" width=\"2911\" height=\"1008\" src=\"https:\/\/bubbleplan.net\/blog\/wp-content\/uploads\/2025\/09\/cta-bubble-plan-2911x1008.png\" alt=\"appel \u00e0 l'action pour s'inscrire sur bubble plan\" class=\"wp-image-14853\" srcset=\"https:\/\/bubbleplan.net\/blog\/wp-content\/uploads\/2025\/09\/cta-bubble-plan-2911x1008.png 2911w, https:\/\/bubbleplan.net\/blog\/wp-content\/uploads\/2025\/09\/cta-bubble-plan-528x183.png 528w, https:\/\/bubbleplan.net\/blog\/wp-content\/uploads\/2025\/09\/cta-bubble-plan-768x266.png 768w, https:\/\/bubbleplan.net\/blog\/wp-content\/uploads\/2025\/09\/cta-bubble-plan-1536x532.png 1536w, https:\/\/bubbleplan.net\/blog\/wp-content\/uploads\/2025\/09\/cta-bubble-plan-2048x709.png 2048w, https:\/\/bubbleplan.net\/blog\/wp-content\/uploads\/2025\/09\/cta-bubble-plan-440x152.png 440w, https:\/\/bubbleplan.net\/blog\/wp-content\/uploads\/2025\/09\/cta-bubble-plan-320x111.png 320w, https:\/\/bubbleplan.net\/blog\/wp-content\/uploads\/2025\/09\/cta-bubble-plan-1400x485.png 1400w\" sizes=\"(max-width: 2911px) 100vw, 2911px\" loading=\"lazy\" \/><\/a><\/figure>\n\n\n\n<p>Chacun peut personnaliser \u00e0 sa guise ses propres plannings projet et les partager, au travers d&rsquo;un cadre qui uniformise avec souplesse les process.<\/p>\n\n\n\n<p>Gr\u00e2ce \u00e0 notre outil,\u00a0chaque collaborateur peut maintenant rapidement mod\u00e9liser et suivre les projets en cours, avec une <strong>pr\u00e9cision progressive<\/strong>.<br>Dans les probl\u00e9matiques concern\u00e9es, outre sa simplicit\u00e9, plusieurs points du logiciel sont importants :<\/p>\n\n\n\n<ul class=\"wp-block-list\">\n<li>sa <strong>timeline \u00e9volutive et presque ludique<\/strong>,<\/li>\n\n\n\n<li>les <a href=\"https:\/\/bubbleplan.net\/blog\/construire-une-to-do-list-reussie-5-etapes\/\"><strong>checklists<\/strong><\/a>, pour ordonner et r\u00e9partir les actions,<\/li>\n\n\n\n<li>ou encore la <strong>multiplicit\u00e9\u00a0des <a href=\"https:\/\/bubbleplan.net\/management-visuel\">\u00e9l\u00e9ments visuels<\/a><\/strong>, pour segmenter et mettre en exergue facilement certaines dimensions des projets.<\/li>\n<\/ul>\n\n\n\n<blockquote class=\"wp-block-quote is-layout-flow wp-block-quote-is-layout-flow\">\n<p>\u00ab\u00a0<i>Le premier b\u00e9n\u00e9fice est la mise en place d\u2019un seul outil <\/i><i>qui convienne \u00e0 tout <\/i><i>le monde.<\/i>\u00ab\u00a0<\/p>\n<\/blockquote>\n\n\n<div class=\"wp-block-image\">\n<figure class=\"aligncenter\"><img decoding=\"async\" width=\"638\" height=\"479\" src=\"https:\/\/bubbleplan.net\/blog\/wp-content\/uploads\/2017\/10\/presentation-activits-energies-renouvelables-sydev-et-sem-vende-energie-12-638.jpg\" alt=\"SyDEV: de nombreux projets autour de la transition et de l'innovation \u00e9nerg\u00e9tique\" class=\"wp-image-893\" srcset=\"https:\/\/bubbleplan.net\/blog\/wp-content\/uploads\/2017\/10\/presentation-activits-energies-renouvelables-sydev-et-sem-vende-energie-12-638.jpg 638w, https:\/\/bubbleplan.net\/blog\/wp-content\/uploads\/2017\/10\/presentation-activits-energies-renouvelables-sydev-et-sem-vende-energie-12-638-300x225.jpg 300w, https:\/\/bubbleplan.net\/blog\/wp-content\/uploads\/2017\/10\/presentation-activits-energies-renouvelables-sydev-et-sem-vende-energie-12-638-80x60.jpg 80w, https:\/\/bubbleplan.net\/blog\/wp-content\/uploads\/2017\/10\/presentation-activits-energies-renouvelables-sydev-et-sem-vende-energie-12-638-245x184.jpg 245w, https:\/\/bubbleplan.net\/blog\/wp-content\/uploads\/2017\/10\/presentation-activits-energies-renouvelables-sydev-et-sem-vende-energie-12-638-260x195.jpg 260w\" sizes=\"(max-width: 638px) 100vw, 638px\" loading=\"lazy\" \/><\/figure><\/div>\n\n\n<p>Gr\u00e2ce \u00e0&nbsp;<a href=\"https:\/\/bubbleplan.net\" target=\"_blank\" rel=\"noopener noreferrer\">Bubble Plan<\/a>, en plus de planifier le projet, la collectivit\u00e9 peut :<\/p>\n\n\n\n<ul class=\"wp-block-list\">\n<li><strong>affecter des collaborateurs,<\/strong><\/li>\n\n\n\n<li><strong>communiquer en direct aupr\u00e8s des partenaires et autres collectivit\u00e9s territoriales engag\u00e9es<\/strong>,<\/li>\n\n\n\n<li><strong>et surveiller en temps r\u00e9el l&rsquo;\u00e9volution de chaque projet, <\/strong>centralis\u00e9 dans un outil unique.<\/li>\n<\/ul>\n\n\n\n<p>Sa <strong>visualisation<\/strong>\u00a0<strong>chronologique<\/strong>\u00a0et les\u00a0<strong>exports<\/strong>\u00a0simples des plannings projets sont un atout non n\u00e9gligeable pour cet univers m\u00e9tier rythm\u00e9 par de nombreuses et r\u00e9guli\u00e8res r\u00e9unions d&rsquo;informations.<\/p>\n\n\n\n<p>Dans cet \u00e9tat d\u2019esprit et confort\u00e9e par les premiers pas r\u00e9ussis de l\u2019\u00e9quipe pour la mise en place des process souhait\u00e9s, le\u00a0SyDEV s\u2019attache maintenant \u00e0\u00a0<strong>faire \u00e9voluer son organisation<\/strong>,\u00a0en s\u2019appuyant sur la capacit\u00e9 technique de Bubble Plan.<\/p>\n\n\n\n<h2 class=\"wp-block-heading\"><span class=\"ez-toc-section\" id=\"une-collaboration-au-dela-de-la-planification\"><\/span>Une collaboration au-del\u00e0 de la planification<span class=\"ez-toc-section-end\"><\/span><\/h2>\n\n\n\n<p>Si Bubble Plan&nbsp;a permis rapidement de mieux structurer la planification avec une solution simple <strong>homog\u00e9n\u00e9isant les supports de reporting et de suivi<\/strong>, la collectivit\u00e9 voit d\u00e9j\u00e0 l&rsquo;\u00e9tape d&rsquo;apr\u00e8s.<\/p>\n\n\n\n<p>Plus de 15 projets sont mod\u00e9lis\u00e9s et pilot\u00e9s, gr\u00e2ce \u00e0 un outil SaaS combinant l&rsquo;<a href=\"https:\/\/bubbleplan.net\/pedagogie-projet\/methode-kanban\">approche <strong>Kanban<\/strong><\/a> <strong>et<\/strong> la gestion de <strong>plan d&rsquo;actions sous forme chronologique<\/strong>.<br>Mais Mathilde Delhomme, charg\u00e9e de missions, y voit d&rsquo;autres perspectives futures \u00e0 court terme pour les \u00e9quipes du SyDEV.<\/p>\n\n\n\n<p>L&rsquo;objectif est de propulser rapidement Bubble Plan avec des b\u00e9n\u00e9fices :<\/p>\n\n\n\n<ul class=\"wp-block-list\">\n<li>dans le <strong><a href=\"https:\/\/bubblemeeting.net\/\" target=\"_blank\" rel=\"noreferrer noopener\">suivi de r\u00e9unions<\/a><\/strong> (une phase projet largement r\u00e9pondue dans le process),<\/li>\n\n\n\n<li>pour le <strong>reporting macro<\/strong> des diff\u00e9rents projets.<\/li>\n<\/ul>\n\n\n\n<blockquote class=\"wp-block-quote is-layout-flow wp-block-quote-is-layout-flow\">\n<p>\u00ab UN TRELLO DANS UNE LIGNE DE TEMPS.&nbsp;\u00bb<\/p>\n<\/blockquote>\n\n\n\n<p>Gr\u00e2ce \u00e0 ce nouveau process commun \u00e0 la collectivit\u00e9:<br>\n\u2192 les gains en mati\u00e8re de productivit\u00e9 et de visibilit\u00e9 \u00e0 moyen terme ne devraient pas tarder \u00e0 \u00eatre identifi\u00e9s \u00e9galement.<\/p>\n\n\n\n<p>L&rsquo;<strong>homog\u00e9n\u00e9isation<\/strong> et la <strong>centralisation des informations<\/strong>, combin\u00e9es \u00e0 un suivi du <a href=\"https:\/\/bubbleplan.net\/blog\/plan-charge-bubble-plan\/\"><strong>plan de charge en multi-projet<\/strong><\/a>, r\u00e9pondent pleinement aux attentes formul\u00e9es par le SyDEV.<\/p>\n\n\n\n<p><span class=\"dropcap dropcap3\">V<\/span>ous voulez en savoir un peu plus sur ce cas pratique en&nbsp;multiprojet dans une collectivit\u00e9 ? D\u00e9couvrez vite <a href=\"https:\/\/fr.slideshare.net\/slideshow\/etude-de-cas-sydev-uniformisation-des-process-et-collaboratif\/80905951\" target=\"_blank\" rel=\"noopener noreferrer\"><strong>notre \u00e9tude de cas<\/strong><\/a>&nbsp;!<\/p>\n\n\n\n<figure class=\"wp-block-image size-full\"><a href=\"https:\/\/bubbleplan.net\/creer-un-compte-gratuit\"><img decoding=\"async\" width=\"2560\" height=\"424\" src=\"https:\/\/bubbleplan.net\/blog\/wp-content\/uploads\/2025\/09\/cta-bas-de-page-1.png\" alt=\"appel \u00e0 l'action avec un texte \u00e0 gauche, et un bouton vert \u00e0 droite\" class=\"wp-image-14861\" srcset=\"https:\/\/bubbleplan.net\/blog\/wp-content\/uploads\/2025\/09\/cta-bas-de-page-1.png 2560w, https:\/\/bubbleplan.net\/blog\/wp-content\/uploads\/2025\/09\/cta-bas-de-page-1-528x87.png 528w, https:\/\/bubbleplan.net\/blog\/wp-content\/uploads\/2025\/09\/cta-bas-de-page-1-768x127.png 768w, https:\/\/bubbleplan.net\/blog\/wp-content\/uploads\/2025\/09\/cta-bas-de-page-1-1536x254.png 1536w, https:\/\/bubbleplan.net\/blog\/wp-content\/uploads\/2025\/09\/cta-bas-de-page-1-2048x339.png 2048w, https:\/\/bubbleplan.net\/blog\/wp-content\/uploads\/2025\/09\/cta-bas-de-page-1-440x73.png 440w, https:\/\/bubbleplan.net\/blog\/wp-content\/uploads\/2025\/09\/cta-bas-de-page-1-320x53.png 320w, https:\/\/bubbleplan.net\/blog\/wp-content\/uploads\/2025\/09\/cta-bas-de-page-1-1400x232.png 1400w\" sizes=\"(max-width: 2560px) 100vw, 2560px\" loading=\"lazy\" \/><\/a><\/figure>\n\n\n\n<h2 class=\"wp-block-heading\"><span class=\"ez-toc-section\" id=\"faq\"><\/span>FAQ<span class=\"ez-toc-section-end\"><\/span><\/h2>\n\n\n\n<div class=\"schema-faq wp-block-yoast-faq-block\"><div class=\"schema-faq-section\" id=\"faq-question-1761821287665\"><strong class=\"schema-faq-question\">Peut-on g\u00e9rer plusieurs projets simultan\u00e9ment avec Bubble Plan ?<\/strong> <p class=\"schema-faq-answer\">Oui, l&rsquo;outil est con\u00e7u pour le multi-projet. Il permet de suivre le plan de charge global, de centraliser tous les projets dans une interface unique et d&rsquo;avoir une vue macro du portefeuille de projets de la collectivit\u00e9.<\/p> <\/div> <div class=\"schema-faq-section\" id=\"faq-question-1761821327752\"><strong class=\"schema-faq-question\"><strong>Bubble Plan permet-il de suivre les ressources r\u00e9parties sur plusieurs projets ?<\/strong><\/strong> <p class=\"schema-faq-answer\">Oui, Bubble Plan permet d&rsquo;affecter un m\u00eame collaborateur sur plusieurs projets et de visualiser sa charge globale. L&rsquo;outil propose des tableaux de bord adapt\u00e9s \u00e0 chaque besoin : planning des intervenants, gestion des actions, suivi multi-projet, etc. Gr\u00e2ce aux codes couleurs, vous identifiez imm\u00e9diatement les retards, les urgences et les potentielles surcharges. Cette vision centralis\u00e9e facilite l&rsquo;arbitrage et l&rsquo;optimisation de la r\u00e9partition des ressources au sein de la collectivit\u00e9.<\/p> <\/div> <div class=\"schema-faq-section\" id=\"faq-question-1761822210716\"><strong class=\"schema-faq-question\"><strong>Bubble Plan fonctionne-t-il pour des petites et grandes collectivit\u00e9s ?<\/strong><\/strong> <p class=\"schema-faq-answer\">Absolument. Bubble Plan est con\u00e7u pour s&rsquo;adapter \u00e0 toutes les tailles de collectivit\u00e9s. Que vous soyez une petite commune avec quelques projets ou une structure d\u00e9partementale g\u00e9rant plusieurs centaines de projets simultan\u00e9ment, l&rsquo;outil \u00e9volue avec vos besoins. Sa puissance technique permet de supporter un grand nombre de projets en parall\u00e8le, tout en conservant sa simplicit\u00e9 d&rsquo;utilisation.<\/p> <\/div> <div class=\"schema-faq-section\" id=\"faq-question-1761823074671\"><strong class=\"schema-faq-question\"><strong>Peut-on exporter et partager les projets facilement ?<\/strong><\/strong> <p class=\"schema-faq-answer\">Oui, Bubble Plan permet d&rsquo;exporter vos projets en quelques clics. Image en qualit\u00e9 standard ou HD pour vos pr\u00e9sentations, PDF vectoriel pour une qualit\u00e9 optimale \u00e0 l&rsquo;impression, ou CSV pour exploiter vos donn\u00e9es dans d&rsquo;autres outils. Ces exports facilitent grandement la pr\u00e9paration des r\u00e9unions et le partage d&rsquo;informations avec vos partenaires et parties prenantes.<\/p> <\/div> <\/div>\n","protected":false},"excerpt":{"rendered":"<p>Bubble Plan\u00a0a nou\u00e9 pendant plusieurs ann\u00e9es une collaboration avec le SyDEV, syndicat d\u00e9partemental d&rsquo;\u00e9nergie et d&rsquo;\u00e9quipement de la Vend\u00e9e. Cette collectivit\u00e9 territoriale assurant notamment la gestion des r\u00e9seaux \u00e9lectriques et gaz vend\u00e9ens (85). Elle souhaitait optimiser et uniformiser le pilotage de ses nombreux projets transverses. Un d\u00e9ploiement orchestr\u00e9\u00a0par Mathilde Delhomme, charg\u00e9e de mission Projets. Engag\u00e9s&#8230;<\/p>\n","protected":false},"author":2,"featured_media":15278,"comment_status":"open","ping_status":"open","sticky":false,"template":"","format":"standard","meta":{"footnotes":""},"categories":[22],"tags":[52,92,238],"class_list":{"0":"post-802","1":"post","2":"type-post","3":"status-publish","4":"format-standard","5":"has-post-thumbnail","6":"hentry","7":"category-etudescas","8":"tag-gestion-de-projet","9":"tag-etude-de-cas","10":"tag-collectivite","11":"article","12":"","14":"has-excerpt","15":"has-avatar","16":"has-author","17":"has-nickname","18":"has-date","19":"has-comment-count","20":"has-category-meta","21":"has-read-more","22":"has-title","23":"has-post-media","24":"thumbnail-"},"nelio_content":{"isAutoShareEnabled":true,"autoShareEndMode":"never","automationSources":{"useCustomSentences":false,"customSentences":[]},"followers":[1,2],"suggestedReferences":[],"efiUrl":"","efiAlt":"","highlights":[],"permalinkQueryArgs":[],"series":[]},"yoast_head":"<!-- This site is optimized with the Yoast SEO plugin v26.8 - https:\/\/yoast.com\/product\/yoast-seo-wordpress\/ -->\n<title>Client Bubble Plan : SyDEV, collectivit\u00e9 au suivi projets optimal<\/title>\n<meta name=\"description\" content=\"le SyDEV, collectivit\u00e9 territoriale assurant la gestion des r\u00e9seaux \u00e9lectriques et gaz vend\u00e9ens (85), souhaitait uniformiser le pilotage de ses projets.\" \/>\n<meta name=\"robots\" content=\"index, follow, max-snippet:-1, max-image-preview:large, max-video-preview:-1\" \/>\n<link rel=\"canonical\" href=\"https:\/\/bubbleplan.net\/blog\/gestion-de-projet-sydev-collectivite\/\" \/>\n<meta property=\"og:locale\" content=\"fr_FR\" \/>\n<meta property=\"og:type\" content=\"article\" \/>\n<meta property=\"og:title\" content=\"Client Bubble Plan : SyDEV, collectivit\u00e9 au suivi projets optimal\" \/>\n<meta property=\"og:description\" content=\"le SyDEV, collectivit\u00e9 territoriale assurant la gestion des r\u00e9seaux \u00e9lectriques et gaz vend\u00e9ens (85), souhaitait uniformiser le pilotage de ses projets.\" \/>\n<meta property=\"og:url\" content=\"https:\/\/bubbleplan.net\/blog\/gestion-de-projet-sydev-collectivite\/\" \/>\n<meta property=\"og:site_name\" content=\"Bubble Plan : blog de la Gestion de Projet efficace et collaborative\" \/>\n<meta property=\"article:publisher\" content=\"https:\/\/www.facebook.com\/bubbleplan\" \/>\n<meta property=\"article:published_time\" content=\"2025-10-30T11:05:28+00:00\" \/>\n<meta property=\"article:modified_time\" content=\"2025-10-30T11:20:52+00:00\" \/>\n<meta property=\"og:image\" content=\"https:\/\/bubbleplan.net\/blog\/wp-content\/uploads\/2017\/10\/gestion-projet-optimisee-sydev-vendee.jpg\" \/>\n\t<meta property=\"og:image:width\" content=\"1200\" \/>\n\t<meta property=\"og:image:height\" content=\"800\" \/>\n\t<meta property=\"og:image:type\" content=\"image\/jpeg\" \/>\n<meta name=\"author\" content=\"Gr\u00e9gory Hennion\" \/>\n<meta name=\"twitter:card\" content=\"summary_large_image\" \/>\n<meta name=\"twitter:creator\" content=\"@BubblePlan\" \/>\n<meta name=\"twitter:site\" content=\"@BubblePlan\" \/>\n<meta name=\"twitter:label1\" content=\"\u00c9crit par\" \/>\n\t<meta name=\"twitter:data1\" content=\"Gr\u00e9gory Hennion\" \/>\n\t<meta name=\"twitter:label2\" content=\"Dur\u00e9e de lecture estim\u00e9e\" \/>\n\t<meta name=\"twitter:data2\" content=\"5 minutes\" \/>\n<script type=\"application\/ld+json\" class=\"yoast-schema-graph\">{\"@context\":\"https:\/\/schema.org\",\"@graph\":[{\"@type\":\"Article\",\"@id\":\"https:\/\/bubbleplan.net\/blog\/gestion-de-projet-sydev-collectivite\/#article\",\"isPartOf\":{\"@id\":\"https:\/\/bubbleplan.net\/blog\/gestion-de-projet-sydev-collectivite\/\"},\"author\":{\"name\":\"Gr\u00e9gory Hennion\",\"@id\":\"https:\/\/bubbleplan.net\/blog\/#\/schema\/person\/6c4462762ae97fb6382693f1b5312a48\"},\"headline\":\"La collectivit\u00e9 SyDEV : une gestion de projet optimis\u00e9e\",\"datePublished\":\"2025-10-30T11:05:28+00:00\",\"dateModified\":\"2025-10-30T11:20:52+00:00\",\"mainEntityOfPage\":{\"@id\":\"https:\/\/bubbleplan.net\/blog\/gestion-de-projet-sydev-collectivite\/\"},\"wordCount\":923,\"commentCount\":0,\"publisher\":{\"@id\":\"https:\/\/bubbleplan.net\/blog\/#organization\"},\"image\":{\"@id\":\"https:\/\/bubbleplan.net\/blog\/gestion-de-projet-sydev-collectivite\/#primaryimage\"},\"thumbnailUrl\":\"https:\/\/bubbleplan.net\/blog\/wp-content\/uploads\/2017\/10\/gestion-projet-optimisee-sydev-vendee.jpg\",\"keywords\":[\"gestion de projet\",\"\u00e9tude de cas\",\"collectivit\u00e9\"],\"articleSection\":[\"\u00c9tudes de Cas\"],\"inLanguage\":\"fr-FR\",\"potentialAction\":[{\"@type\":\"CommentAction\",\"name\":\"Comment\",\"target\":[\"https:\/\/bubbleplan.net\/blog\/gestion-de-projet-sydev-collectivite\/#respond\"]}]},{\"@type\":[\"WebPage\",\"FAQPage\"],\"@id\":\"https:\/\/bubbleplan.net\/blog\/gestion-de-projet-sydev-collectivite\/\",\"url\":\"https:\/\/bubbleplan.net\/blog\/gestion-de-projet-sydev-collectivite\/\",\"name\":\"Client Bubble Plan : SyDEV, collectivit\u00e9 au suivi projets optimal\",\"isPartOf\":{\"@id\":\"https:\/\/bubbleplan.net\/blog\/#website\"},\"primaryImageOfPage\":{\"@id\":\"https:\/\/bubbleplan.net\/blog\/gestion-de-projet-sydev-collectivite\/#primaryimage\"},\"image\":{\"@id\":\"https:\/\/bubbleplan.net\/blog\/gestion-de-projet-sydev-collectivite\/#primaryimage\"},\"thumbnailUrl\":\"https:\/\/bubbleplan.net\/blog\/wp-content\/uploads\/2017\/10\/gestion-projet-optimisee-sydev-vendee.jpg\",\"datePublished\":\"2025-10-30T11:05:28+00:00\",\"dateModified\":\"2025-10-30T11:20:52+00:00\",\"description\":\"le SyDEV, collectivit\u00e9 territoriale assurant la gestion des r\u00e9seaux \u00e9lectriques et gaz vend\u00e9ens (85), souhaitait uniformiser le pilotage de ses projets.\",\"breadcrumb\":{\"@id\":\"https:\/\/bubbleplan.net\/blog\/gestion-de-projet-sydev-collectivite\/#breadcrumb\"},\"mainEntity\":[{\"@id\":\"https:\/\/bubbleplan.net\/blog\/gestion-de-projet-sydev-collectivite\/#faq-question-1761821287665\"},{\"@id\":\"https:\/\/bubbleplan.net\/blog\/gestion-de-projet-sydev-collectivite\/#faq-question-1761821327752\"},{\"@id\":\"https:\/\/bubbleplan.net\/blog\/gestion-de-projet-sydev-collectivite\/#faq-question-1761822210716\"},{\"@id\":\"https:\/\/bubbleplan.net\/blog\/gestion-de-projet-sydev-collectivite\/#faq-question-1761823074671\"}],\"inLanguage\":\"fr-FR\",\"potentialAction\":[{\"@type\":\"ReadAction\",\"target\":[\"https:\/\/bubbleplan.net\/blog\/gestion-de-projet-sydev-collectivite\/\"]}]},{\"@type\":\"ImageObject\",\"inLanguage\":\"fr-FR\",\"@id\":\"https:\/\/bubbleplan.net\/blog\/gestion-de-projet-sydev-collectivite\/#primaryimage\",\"url\":\"https:\/\/bubbleplan.net\/blog\/wp-content\/uploads\/2017\/10\/gestion-projet-optimisee-sydev-vendee.jpg\",\"contentUrl\":\"https:\/\/bubbleplan.net\/blog\/wp-content\/uploads\/2017\/10\/gestion-projet-optimisee-sydev-vendee.jpg\",\"width\":1200,\"height\":800,\"caption\":\"D\u00e9couvrez la gestion de projet pour les collectivit\u00e9s\"},{\"@type\":\"BreadcrumbList\",\"@id\":\"https:\/\/bubbleplan.net\/blog\/gestion-de-projet-sydev-collectivite\/#breadcrumb\",\"itemListElement\":[{\"@type\":\"ListItem\",\"position\":1,\"name\":\"Blog\",\"item\":\"https:\/\/bubbleplan.net\/blog\/\"},{\"@type\":\"ListItem\",\"position\":2,\"name\":\"\u00c9tudes de Cas\",\"item\":\"https:\/\/bubbleplan.net\/blog\/category\/etudescas\/\"},{\"@type\":\"ListItem\",\"position\":3,\"name\":\"La collectivit\u00e9 SyDEV : une gestion de projet optimis\u00e9e\"}]},{\"@type\":\"WebSite\",\"@id\":\"https:\/\/bubbleplan.net\/blog\/#website\",\"url\":\"https:\/\/bubbleplan.net\/blog\/\",\"name\":\"Bubble Plan : blog de la Gestion de Projet efficace et collaborative\",\"description\":\"Toute l&#039;actualit\u00e9 de la gestion de projet et du collaboratif, avec Bubble Plan\",\"publisher\":{\"@id\":\"https:\/\/bubbleplan.net\/blog\/#organization\"},\"potentialAction\":[{\"@type\":\"SearchAction\",\"target\":{\"@type\":\"EntryPoint\",\"urlTemplate\":\"https:\/\/bubbleplan.net\/blog\/?s={search_term_string}\"},\"query-input\":{\"@type\":\"PropertyValueSpecification\",\"valueRequired\":true,\"valueName\":\"search_term_string\"}}],\"inLanguage\":\"fr-FR\"},{\"@type\":\"Organization\",\"@id\":\"https:\/\/bubbleplan.net\/blog\/#organization\",\"name\":\"Bubble Plan\",\"url\":\"https:\/\/bubbleplan.net\/blog\/\",\"logo\":{\"@type\":\"ImageObject\",\"inLanguage\":\"fr-FR\",\"@id\":\"https:\/\/bubbleplan.net\/blog\/#\/schema\/logo\/image\/\",\"url\":\"https:\/\/bubbleplan.net\/blog\/wp-content\/uploads\/2024\/07\/logo-leblog-vf-01-336.png\",\"contentUrl\":\"https:\/\/bubbleplan.net\/blog\/wp-content\/uploads\/2024\/07\/logo-leblog-vf-01-336.png\",\"width\":672,\"height\":62,\"caption\":\"Bubble Plan\"},\"image\":{\"@id\":\"https:\/\/bubbleplan.net\/blog\/#\/schema\/logo\/image\/\"},\"sameAs\":[\"https:\/\/www.facebook.com\/bubbleplan\",\"https:\/\/x.com\/BubblePlan\",\"https:\/\/www.linkedin.com\/company\/bubbleplan\",\"https:\/\/www.youtube.com\/channel\/UCDb4feDzsa4fCd_vR5HZJgg\"]},{\"@type\":\"Person\",\"@id\":\"https:\/\/bubbleplan.net\/blog\/#\/schema\/person\/6c4462762ae97fb6382693f1b5312a48\",\"name\":\"Gr\u00e9gory Hennion\",\"image\":{\"@type\":\"ImageObject\",\"inLanguage\":\"fr-FR\",\"@id\":\"https:\/\/bubbleplan.net\/blog\/#\/schema\/person\/image\/\",\"url\":\"https:\/\/secure.gravatar.com\/avatar\/c42e72a19ab0d910c5a805ee5fa51347?s=96&d=mm&r=g\",\"contentUrl\":\"https:\/\/secure.gravatar.com\/avatar\/c42e72a19ab0d910c5a805ee5fa51347?s=96&d=mm&r=g\",\"caption\":\"Gr\u00e9gory Hennion\"},\"description\":\"Expert gestion de projet, Gr\u00e9gory \u00e9crit pour le blog de Bubble Plan depuis 2017. Expert produit, passionn\u00e9 par les mots et l\u2019\u00e9criture, il vous partage des articles riches de sens, nourris par des ann\u00e9es d\u2019exp\u00e9rience terrain. Vous pouvez suivre son actualit\u00e9 sur LinkedIn.\",\"sameAs\":[\"https:\/\/www.linkedin.com\/in\/greg-hennion-active-networker\/\"],\"url\":\"https:\/\/bubbleplan.net\/blog\/author\/gregory\/\"},{\"@type\":\"Question\",\"@id\":\"https:\/\/bubbleplan.net\/blog\/gestion-de-projet-sydev-collectivite\/#faq-question-1761821287665\",\"position\":1,\"url\":\"https:\/\/bubbleplan.net\/blog\/gestion-de-projet-sydev-collectivite\/#faq-question-1761821287665\",\"name\":\"Peut-on g\u00e9rer plusieurs projets simultan\u00e9ment avec Bubble Plan ?\",\"answerCount\":1,\"acceptedAnswer\":{\"@type\":\"Answer\",\"text\":\"Oui, l'outil est con\u00e7u pour le multi-projet. Il permet de suivre le plan de charge global, de centraliser tous les projets dans une interface unique et d'avoir une vue macro du portefeuille de projets de la collectivit\u00e9.\",\"inLanguage\":\"fr-FR\"},\"inLanguage\":\"fr-FR\"},{\"@type\":\"Question\",\"@id\":\"https:\/\/bubbleplan.net\/blog\/gestion-de-projet-sydev-collectivite\/#faq-question-1761821327752\",\"position\":2,\"url\":\"https:\/\/bubbleplan.net\/blog\/gestion-de-projet-sydev-collectivite\/#faq-question-1761821327752\",\"name\":\"Bubble Plan permet-il de suivre les ressources r\u00e9parties sur plusieurs projets ?\",\"answerCount\":1,\"acceptedAnswer\":{\"@type\":\"Answer\",\"text\":\"Oui, Bubble Plan permet d'affecter un m\u00eame collaborateur sur plusieurs projets et de visualiser sa charge globale. L'outil propose des tableaux de bord adapt\u00e9s \u00e0 chaque besoin : planning des intervenants, gestion des actions, suivi multi-projet, etc. Gr\u00e2ce aux codes couleurs, vous identifiez imm\u00e9diatement les retards, les urgences et les potentielles surcharges. Cette vision centralis\u00e9e facilite l'arbitrage et l'optimisation de la r\u00e9partition des ressources au sein de la collectivit\u00e9.\",\"inLanguage\":\"fr-FR\"},\"inLanguage\":\"fr-FR\"},{\"@type\":\"Question\",\"@id\":\"https:\/\/bubbleplan.net\/blog\/gestion-de-projet-sydev-collectivite\/#faq-question-1761822210716\",\"position\":3,\"url\":\"https:\/\/bubbleplan.net\/blog\/gestion-de-projet-sydev-collectivite\/#faq-question-1761822210716\",\"name\":\"Bubble Plan fonctionne-t-il pour des petites et grandes collectivit\u00e9s ?\",\"answerCount\":1,\"acceptedAnswer\":{\"@type\":\"Answer\",\"text\":\"Absolument. Bubble Plan est con\u00e7u pour s'adapter \u00e0 toutes les tailles de collectivit\u00e9s. Que vous soyez une petite commune avec quelques projets ou une structure d\u00e9partementale g\u00e9rant plusieurs centaines de projets simultan\u00e9ment, l'outil \u00e9volue avec vos besoins. Sa puissance technique permet de supporter un grand nombre de projets en parall\u00e8le, tout en conservant sa simplicit\u00e9 d'utilisation.\",\"inLanguage\":\"fr-FR\"},\"inLanguage\":\"fr-FR\"},{\"@type\":\"Question\",\"@id\":\"https:\/\/bubbleplan.net\/blog\/gestion-de-projet-sydev-collectivite\/#faq-question-1761823074671\",\"position\":4,\"url\":\"https:\/\/bubbleplan.net\/blog\/gestion-de-projet-sydev-collectivite\/#faq-question-1761823074671\",\"name\":\"Peut-on exporter et partager les projets facilement ?\",\"answerCount\":1,\"acceptedAnswer\":{\"@type\":\"Answer\",\"text\":\"Oui, Bubble Plan permet d'exporter vos projets en quelques clics. Image en qualit\u00e9 standard ou HD pour vos pr\u00e9sentations, PDF vectoriel pour une qualit\u00e9 optimale \u00e0 l'impression, ou CSV pour exploiter vos donn\u00e9es dans d'autres outils. Ces exports facilitent grandement la pr\u00e9paration des r\u00e9unions et le partage d'informations avec vos partenaires et parties prenantes.\",\"inLanguage\":\"fr-FR\"},\"inLanguage\":\"fr-FR\"}]}<\/script>\n<!-- \/ Yoast SEO plugin. -->","yoast_head_json":{"title":"Client Bubble Plan : SyDEV, collectivit\u00e9 au suivi projets optimal","description":"le SyDEV, collectivit\u00e9 territoriale assurant la gestion des r\u00e9seaux \u00e9lectriques et gaz vend\u00e9ens (85), souhaitait uniformiser le pilotage de ses projets.","robots":{"index":"index","follow":"follow","max-snippet":"max-snippet:-1","max-image-preview":"max-image-preview:large","max-video-preview":"max-video-preview:-1"},"canonical":"https:\/\/bubbleplan.net\/blog\/gestion-de-projet-sydev-collectivite\/","og_locale":"fr_FR","og_type":"article","og_title":"Client Bubble Plan : SyDEV, collectivit\u00e9 au suivi projets optimal","og_description":"le SyDEV, collectivit\u00e9 territoriale assurant la gestion des r\u00e9seaux \u00e9lectriques et gaz vend\u00e9ens (85), souhaitait uniformiser le pilotage de ses projets.","og_url":"https:\/\/bubbleplan.net\/blog\/gestion-de-projet-sydev-collectivite\/","og_site_name":"Bubble Plan : blog de la Gestion de Projet efficace et collaborative","article_publisher":"https:\/\/www.facebook.com\/bubbleplan","article_published_time":"2025-10-30T11:05:28+00:00","article_modified_time":"2025-10-30T11:20:52+00:00","og_image":[{"width":1200,"height":800,"url":"https:\/\/bubbleplan.net\/blog\/wp-content\/uploads\/2017\/10\/gestion-projet-optimisee-sydev-vendee.jpg","type":"image\/jpeg"}],"author":"Gr\u00e9gory Hennion","twitter_card":"summary_large_image","twitter_creator":"@BubblePlan","twitter_site":"@BubblePlan","twitter_misc":{"\u00c9crit par":"Gr\u00e9gory Hennion","Dur\u00e9e de lecture estim\u00e9e":"5 minutes"},"schema":{"@context":"https:\/\/schema.org","@graph":[{"@type":"Article","@id":"https:\/\/bubbleplan.net\/blog\/gestion-de-projet-sydev-collectivite\/#article","isPartOf":{"@id":"https:\/\/bubbleplan.net\/blog\/gestion-de-projet-sydev-collectivite\/"},"author":{"name":"Gr\u00e9gory Hennion","@id":"https:\/\/bubbleplan.net\/blog\/#\/schema\/person\/6c4462762ae97fb6382693f1b5312a48"},"headline":"La collectivit\u00e9 SyDEV : une gestion de projet optimis\u00e9e","datePublished":"2025-10-30T11:05:28+00:00","dateModified":"2025-10-30T11:20:52+00:00","mainEntityOfPage":{"@id":"https:\/\/bubbleplan.net\/blog\/gestion-de-projet-sydev-collectivite\/"},"wordCount":923,"commentCount":0,"publisher":{"@id":"https:\/\/bubbleplan.net\/blog\/#organization"},"image":{"@id":"https:\/\/bubbleplan.net\/blog\/gestion-de-projet-sydev-collectivite\/#primaryimage"},"thumbnailUrl":"https:\/\/bubbleplan.net\/blog\/wp-content\/uploads\/2017\/10\/gestion-projet-optimisee-sydev-vendee.jpg","keywords":["gestion de projet","\u00e9tude de cas","collectivit\u00e9"],"articleSection":["\u00c9tudes de Cas"],"inLanguage":"fr-FR","potentialAction":[{"@type":"CommentAction","name":"Comment","target":["https:\/\/bubbleplan.net\/blog\/gestion-de-projet-sydev-collectivite\/#respond"]}]},{"@type":["WebPage","FAQPage"],"@id":"https:\/\/bubbleplan.net\/blog\/gestion-de-projet-sydev-collectivite\/","url":"https:\/\/bubbleplan.net\/blog\/gestion-de-projet-sydev-collectivite\/","name":"Client Bubble Plan : SyDEV, collectivit\u00e9 au suivi projets optimal","isPartOf":{"@id":"https:\/\/bubbleplan.net\/blog\/#website"},"primaryImageOfPage":{"@id":"https:\/\/bubbleplan.net\/blog\/gestion-de-projet-sydev-collectivite\/#primaryimage"},"image":{"@id":"https:\/\/bubbleplan.net\/blog\/gestion-de-projet-sydev-collectivite\/#primaryimage"},"thumbnailUrl":"https:\/\/bubbleplan.net\/blog\/wp-content\/uploads\/2017\/10\/gestion-projet-optimisee-sydev-vendee.jpg","datePublished":"2025-10-30T11:05:28+00:00","dateModified":"2025-10-30T11:20:52+00:00","description":"le SyDEV, collectivit\u00e9 territoriale assurant la gestion des r\u00e9seaux \u00e9lectriques et gaz vend\u00e9ens (85), souhaitait uniformiser le pilotage de ses projets.","breadcrumb":{"@id":"https:\/\/bubbleplan.net\/blog\/gestion-de-projet-sydev-collectivite\/#breadcrumb"},"mainEntity":[{"@id":"https:\/\/bubbleplan.net\/blog\/gestion-de-projet-sydev-collectivite\/#faq-question-1761821287665"},{"@id":"https:\/\/bubbleplan.net\/blog\/gestion-de-projet-sydev-collectivite\/#faq-question-1761821327752"},{"@id":"https:\/\/bubbleplan.net\/blog\/gestion-de-projet-sydev-collectivite\/#faq-question-1761822210716"},{"@id":"https:\/\/bubbleplan.net\/blog\/gestion-de-projet-sydev-collectivite\/#faq-question-1761823074671"}],"inLanguage":"fr-FR","potentialAction":[{"@type":"ReadAction","target":["https:\/\/bubbleplan.net\/blog\/gestion-de-projet-sydev-collectivite\/"]}]},{"@type":"ImageObject","inLanguage":"fr-FR","@id":"https:\/\/bubbleplan.net\/blog\/gestion-de-projet-sydev-collectivite\/#primaryimage","url":"https:\/\/bubbleplan.net\/blog\/wp-content\/uploads\/2017\/10\/gestion-projet-optimisee-sydev-vendee.jpg","contentUrl":"https:\/\/bubbleplan.net\/blog\/wp-content\/uploads\/2017\/10\/gestion-projet-optimisee-sydev-vendee.jpg","width":1200,"height":800,"caption":"D\u00e9couvrez la gestion de projet pour les collectivit\u00e9s"},{"@type":"BreadcrumbList","@id":"https:\/\/bubbleplan.net\/blog\/gestion-de-projet-sydev-collectivite\/#breadcrumb","itemListElement":[{"@type":"ListItem","position":1,"name":"Blog","item":"https:\/\/bubbleplan.net\/blog\/"},{"@type":"ListItem","position":2,"name":"\u00c9tudes de Cas","item":"https:\/\/bubbleplan.net\/blog\/category\/etudescas\/"},{"@type":"ListItem","position":3,"name":"La collectivit\u00e9 SyDEV : une gestion de projet optimis\u00e9e"}]},{"@type":"WebSite","@id":"https:\/\/bubbleplan.net\/blog\/#website","url":"https:\/\/bubbleplan.net\/blog\/","name":"Bubble Plan : blog de la Gestion de Projet efficace et collaborative","description":"Toute l&#039;actualit\u00e9 de la gestion de projet et du collaboratif, avec Bubble Plan","publisher":{"@id":"https:\/\/bubbleplan.net\/blog\/#organization"},"potentialAction":[{"@type":"SearchAction","target":{"@type":"EntryPoint","urlTemplate":"https:\/\/bubbleplan.net\/blog\/?s={search_term_string}"},"query-input":{"@type":"PropertyValueSpecification","valueRequired":true,"valueName":"search_term_string"}}],"inLanguage":"fr-FR"},{"@type":"Organization","@id":"https:\/\/bubbleplan.net\/blog\/#organization","name":"Bubble Plan","url":"https:\/\/bubbleplan.net\/blog\/","logo":{"@type":"ImageObject","inLanguage":"fr-FR","@id":"https:\/\/bubbleplan.net\/blog\/#\/schema\/logo\/image\/","url":"https:\/\/bubbleplan.net\/blog\/wp-content\/uploads\/2024\/07\/logo-leblog-vf-01-336.png","contentUrl":"https:\/\/bubbleplan.net\/blog\/wp-content\/uploads\/2024\/07\/logo-leblog-vf-01-336.png","width":672,"height":62,"caption":"Bubble Plan"},"image":{"@id":"https:\/\/bubbleplan.net\/blog\/#\/schema\/logo\/image\/"},"sameAs":["https:\/\/www.facebook.com\/bubbleplan","https:\/\/x.com\/BubblePlan","https:\/\/www.linkedin.com\/company\/bubbleplan","https:\/\/www.youtube.com\/channel\/UCDb4feDzsa4fCd_vR5HZJgg"]},{"@type":"Person","@id":"https:\/\/bubbleplan.net\/blog\/#\/schema\/person\/6c4462762ae97fb6382693f1b5312a48","name":"Gr\u00e9gory Hennion","image":{"@type":"ImageObject","inLanguage":"fr-FR","@id":"https:\/\/bubbleplan.net\/blog\/#\/schema\/person\/image\/","url":"https:\/\/secure.gravatar.com\/avatar\/c42e72a19ab0d910c5a805ee5fa51347?s=96&d=mm&r=g","contentUrl":"https:\/\/secure.gravatar.com\/avatar\/c42e72a19ab0d910c5a805ee5fa51347?s=96&d=mm&r=g","caption":"Gr\u00e9gory Hennion"},"description":"Expert gestion de projet, Gr\u00e9gory \u00e9crit pour le blog de Bubble Plan depuis 2017. Expert produit, passionn\u00e9 par les mots et l\u2019\u00e9criture, il vous partage des articles riches de sens, nourris par des ann\u00e9es d\u2019exp\u00e9rience terrain. Vous pouvez suivre son actualit\u00e9 sur LinkedIn.","sameAs":["https:\/\/www.linkedin.com\/in\/greg-hennion-active-networker\/"],"url":"https:\/\/bubbleplan.net\/blog\/author\/gregory\/"},{"@type":"Question","@id":"https:\/\/bubbleplan.net\/blog\/gestion-de-projet-sydev-collectivite\/#faq-question-1761821287665","position":1,"url":"https:\/\/bubbleplan.net\/blog\/gestion-de-projet-sydev-collectivite\/#faq-question-1761821287665","name":"Peut-on g\u00e9rer plusieurs projets simultan\u00e9ment avec Bubble Plan ?","answerCount":1,"acceptedAnswer":{"@type":"Answer","text":"Oui, l'outil est con\u00e7u pour le multi-projet. Il permet de suivre le plan de charge global, de centraliser tous les projets dans une interface unique et d'avoir une vue macro du portefeuille de projets de la collectivit\u00e9.","inLanguage":"fr-FR"},"inLanguage":"fr-FR"},{"@type":"Question","@id":"https:\/\/bubbleplan.net\/blog\/gestion-de-projet-sydev-collectivite\/#faq-question-1761821327752","position":2,"url":"https:\/\/bubbleplan.net\/blog\/gestion-de-projet-sydev-collectivite\/#faq-question-1761821327752","name":"Bubble Plan permet-il de suivre les ressources r\u00e9parties sur plusieurs projets ?","answerCount":1,"acceptedAnswer":{"@type":"Answer","text":"Oui, Bubble Plan permet d'affecter un m\u00eame collaborateur sur plusieurs projets et de visualiser sa charge globale. L'outil propose des tableaux de bord adapt\u00e9s \u00e0 chaque besoin : planning des intervenants, gestion des actions, suivi multi-projet, etc. Gr\u00e2ce aux codes couleurs, vous identifiez imm\u00e9diatement les retards, les urgences et les potentielles surcharges. Cette vision centralis\u00e9e facilite l'arbitrage et l'optimisation de la r\u00e9partition des ressources au sein de la collectivit\u00e9.","inLanguage":"fr-FR"},"inLanguage":"fr-FR"},{"@type":"Question","@id":"https:\/\/bubbleplan.net\/blog\/gestion-de-projet-sydev-collectivite\/#faq-question-1761822210716","position":3,"url":"https:\/\/bubbleplan.net\/blog\/gestion-de-projet-sydev-collectivite\/#faq-question-1761822210716","name":"Bubble Plan fonctionne-t-il pour des petites et grandes collectivit\u00e9s ?","answerCount":1,"acceptedAnswer":{"@type":"Answer","text":"Absolument. Bubble Plan est con\u00e7u pour s'adapter \u00e0 toutes les tailles de collectivit\u00e9s. Que vous soyez une petite commune avec quelques projets ou une structure d\u00e9partementale g\u00e9rant plusieurs centaines de projets simultan\u00e9ment, l'outil \u00e9volue avec vos besoins. Sa puissance technique permet de supporter un grand nombre de projets en parall\u00e8le, tout en conservant sa simplicit\u00e9 d'utilisation.","inLanguage":"fr-FR"},"inLanguage":"fr-FR"},{"@type":"Question","@id":"https:\/\/bubbleplan.net\/blog\/gestion-de-projet-sydev-collectivite\/#faq-question-1761823074671","position":4,"url":"https:\/\/bubbleplan.net\/blog\/gestion-de-projet-sydev-collectivite\/#faq-question-1761823074671","name":"Peut-on exporter et partager les projets facilement ?","answerCount":1,"acceptedAnswer":{"@type":"Answer","text":"Oui, Bubble Plan permet d'exporter vos projets en quelques clics. Image en qualit\u00e9 standard ou HD pour vos pr\u00e9sentations, PDF vectoriel pour une qualit\u00e9 optimale \u00e0 l'impression, ou CSV pour exploiter vos donn\u00e9es dans d'autres outils. Ces exports facilitent grandement la pr\u00e9paration des r\u00e9unions et le partage d'informations avec vos partenaires et parties prenantes.","inLanguage":"fr-FR"},"inLanguage":"fr-FR"}]}},"_links":{"self":[{"href":"https:\/\/bubbleplan.net\/blog\/wp-json\/wp\/v2\/posts\/802","targetHints":{"allow":["GET"]}}],"collection":[{"href":"https:\/\/bubbleplan.net\/blog\/wp-json\/wp\/v2\/posts"}],"about":[{"href":"https:\/\/bubbleplan.net\/blog\/wp-json\/wp\/v2\/types\/post"}],"author":[{"embeddable":true,"href":"https:\/\/bubbleplan.net\/blog\/wp-json\/wp\/v2\/users\/2"}],"replies":[{"embeddable":true,"href":"https:\/\/bubbleplan.net\/blog\/wp-json\/wp\/v2\/comments?post=802"}],"version-history":[{"count":21,"href":"https:\/\/bubbleplan.net\/blog\/wp-json\/wp\/v2\/posts\/802\/revisions"}],"predecessor-version":[{"id":15281,"href":"https:\/\/bubbleplan.net\/blog\/wp-json\/wp\/v2\/posts\/802\/revisions\/15281"}],"wp:featuredmedia":[{"embeddable":true,"href":"https:\/\/bubbleplan.net\/blog\/wp-json\/wp\/v2\/media\/15278"}],"wp:attachment":[{"href":"https:\/\/bubbleplan.net\/blog\/wp-json\/wp\/v2\/media?parent=802"}],"wp:term":[{"taxonomy":"category","embeddable":true,"href":"https:\/\/bubbleplan.net\/blog\/wp-json\/wp\/v2\/categories?post=802"},{"taxonomy":"post_tag","embeddable":true,"href":"https:\/\/bubbleplan.net\/blog\/wp-json\/wp\/v2\/tags?post=802"}],"curies":[{"name":"wp","href":"https:\/\/api.w.org\/{rel}","templated":true}]}}